{"id":74452,"date":"2025-12-16T10:14:51","date_gmt":"2025-12-16T07:14:51","guid":{"rendered":"https:\/\/www.egemtv.com\/?p=74452"},"modified":"2025-12-16T10:14:52","modified_gmt":"2025-12-16T07:14:52","slug":"burdurda-fuhus-operasyonu-3-tutuklama","status":"publish","type":"post","link":"https:\/\/www.egemtv.com\/?p=74452","title":{"rendered":"Burdur\u2019da fuhu\u015f operasyonu: 3 tutuklama"},"content":{"rendered":"<p>Burdur\u2019da polis ekipleri taraf\u0131ndan yap\u0131lan fuhu\u015f operasyonunda g\u00f6zalt\u0131na al\u0131nan 4 \u015fah\u0131stan 3\u2019\u00fc \u00e7\u0131kar\u0131ld\u0131\u011f\u0131 mahkemece tutuklanarak cezaevine g\u00f6nderildi.<br \/>\n<br \/>Edinilen bilgiye g\u00f6re, kolluk birimleri taraf\u0131ndan su\u00e7\/su\u00e7lular\u0131n tespitine ve yakalanmas\u0131na y\u00f6nelik yap\u0131lan \u00e7al\u0131\u015fmalar kararl\u0131l\u0131kla devam ediyor. Bu \u00e7er\u00e7evede, Burdur Cumhuriyet Ba\u015fsavc\u0131l\u0131\u011f\u0131 koordinesinde; Asayi\u015f \u015eube M\u00fcd\u00fcrl\u00fc\u011f\u00fc g\u00f6revlilerince Burdur\u2019un bir il\u00e7ede faaliyet g\u00f6steren bir i\u015f yerinde \u2019Fuh\u015fa Te\u015fvik Arac\u0131l\u0131k veya Zorlama\u2019 su\u00e7unun i\u015flendi\u011fi tespit edildi. Konu ile ilgili yap\u0131lan operasyonda ma\u011fdur 4 kad\u0131n\u0131n beyan\u0131 al\u0131n\u0131rken, i\u015f yeri sahibi V.E, mesul m\u00fcd\u00fcr\u00fc S.E., pansiyon \u00e7al\u0131\u015fanlar\u0131 Y.Y. ve S.E. isimli \u015fah\u0131slar yakalanarak g\u00f6zalt\u0131na al\u0131nd\u0131. Emniyetteki i\u015flemlerinin ard\u0131ndan mesul m\u00fcd\u00fcr\u00fc S.E. hakk\u0131nda adli kontrol karar\u0131 verilirken, di\u011fer 3 \u015f\u00fcpheli \u015fah\u0131s adli mercilerce tutuklanarak cezaevine teslim edildi.<br \/><\/p>\n","protected":false},"excerpt":{"rendered":"<p>Burdur\u2019da polis ekipleri taraf\u0131ndan yap\u0131lan fuhu\u015f operasyonunda g\u00f6zalt\u0131na al\u0131nan 4 \u015fah\u0131stan 3\u2019\u00fc \u00e7\u0131kar\u0131ld\u0131\u011f\u0131 mahkemece tutuklanarak cezaevine g\u00f6nderildi. Edinilen bilgiye g\u00f6re, kolluk birimleri taraf\u0131ndan su\u00e7\/su\u00e7lular\u0131n tespitine ve yakalanmas\u0131na y\u00f6nelik yap\u0131lan \u00e7al\u0131\u015fmalar kararl\u0131l\u0131kla devam ediyor. Bu \u00e7er\u00e7evede, Burdur Cumhuriyet Ba\u015fsavc\u0131l\u0131\u011f\u0131 koordinesinde; Asayi\u015f \u015eube M\u00fcd\u00fcrl\u00fc\u011f\u00fc g\u00f6revlilerince Burdur\u2019un bir il\u00e7ede faaliyet g\u00f6steren bir i\u015f yerinde \u2019Fuh\u015fa Te\u015fvik Arac\u0131l\u0131k veya&#8230;<\/p>\n","protected":false},"author":1,"featured_media":74453,"comment_status":"open","ping_status":"open","sticky":false,"template":"","format":"standard","meta":{"_crdt_document":"","footnotes":""},"categories":[5],"tags":[],"class_list":["post-74452","post","type-post","status-publish","format-standard","has-post-thumbnail","hentry","category-asayis"],"_links":{"self":[{"href":"https:\/\/www.egemtv.com\/index.php?rest_route=\/wp\/v2\/posts\/74452","targetHints":{"allow":["GET"]}}],"collection":[{"href":"https:\/\/www.egemtv.com\/index.php?rest_route=\/wp\/v2\/posts"}],"about":[{"href":"https:\/\/www.egemtv.com\/index.php?rest_route=\/wp\/v2\/types\/post"}],"author":[{"embeddable":true,"href":"https:\/\/www.egemtv.com\/index.php?rest_route=\/wp\/v2\/users\/1"}],"replies":[{"embeddable":true,"href":"https:\/\/www.egemtv.com\/index.php?rest_route=%2Fwp%2Fv2%2Fcomments&post=74452"}],"version-history":[{"count":1,"href":"https:\/\/www.egemtv.com\/index.php?rest_route=\/wp\/v2\/posts\/74452\/revisions"}],"predecessor-version":[{"id":74454,"href":"https:\/\/www.egemtv.com\/index.php?rest_route=\/wp\/v2\/posts\/74452\/revisions\/74454"}],"wp:featuredmedia":[{"embeddable":true,"href":"https:\/\/www.egemtv.com\/index.php?rest_route=\/wp\/v2\/media\/74453"}],"wp:attachment":[{"href":"https:\/\/www.egemtv.com\/index.php?rest_route=%2Fwp%2Fv2%2Fmedia&parent=74452"}],"wp:term":[{"taxonomy":"category","embeddable":true,"href":"https:\/\/www.egemtv.com\/index.php?rest_route=%2Fwp%2Fv2%2Fcategories&post=74452"},{"taxonomy":"post_tag","embeddable":true,"href":"https:\/\/www.egemtv.com\/index.php?rest_route=%2Fwp%2Fv2%2Ftags&post=74452"}],"curies":[{"name":"wp","href":"https:\/\/api.w.org\/{rel}","templated":true}]}}