{"id":74449,"date":"2025-12-16T09:54:52","date_gmt":"2025-12-16T06:54:52","guid":{"rendered":"https:\/\/www.egemtv.com\/?p=74449"},"modified":"2025-12-16T09:54:52","modified_gmt":"2025-12-16T06:54:52","slug":"adude-turk-dilinin-tarihi-ve-birligi-konusuldu","status":"publish","type":"post","link":"https:\/\/www.egemtv.com\/?p=74449","title":{"rendered":"AD\u00dc\u2019de T\u00fcrk Dilinin Tarihi ve Birli\u011fi Konu\u015fuldu"},"content":{"rendered":"<p>Ayd\u0131n Adnan Menderes \u00dcniversitesi\u2019nde, d\u00fczenlenen konferansta T\u00fcrk\u00e7enin tarihi, geli\u015fimi ve T\u00fcrk d\u00fcnyas\u0131ndaki \u00f6nemi ele al\u0131nd\u0131.<\/p>\n<p>Ayd\u0131n Adnan Menderes \u00dcniversitesi\u2019nde (AD\u00dc), T\u00fcrk D\u00fcnyas\u0131 Gen\u00e7lik Toplulu\u011fu taraf\u0131ndan &#8220;15 Aral\u0131k UNESCO Uluslararas\u0131 T\u00fcrk Dili G\u00fcn\u00fc&#8221; dolay\u0131s\u0131yla konferans d\u00fczenlendi. 15 Aral\u0131k 2025 tarihinde Atat\u00fcrk Kongre Merkezi Ayd\u0131n Bey Salonu\u2019nda ger\u00e7ekle\u015ftirilen program, sayg\u0131 duru\u015fu ve \u0130stiklal Mar\u015f\u0131\u2019n\u0131n ard\u0131ndan Azerbaycan Cumhuriyeti Milli Mar\u015f\u0131 ile Kazakistan Cumhuriyeti Milli Mar\u015f\u0131\u2019n\u0131n okunmas\u0131yla ba\u015flad\u0131. Program\u0131n a\u00e7\u0131l\u0131\u015f konu\u015fmas\u0131n\u0131 yapan T\u00fcrk D\u00fcnyas\u0131 Gen\u00e7lik Toplulu\u011fu Dan\u0131\u015fman\u0131 Do\u00e7. Dr. Kemal Ramazan Hayk\u0131ran, T\u00fcrk\u00e7enin d\u00fcnya \u00fczerinde konu\u015fulan diller aras\u0131nda \u00f6zel bir konuma sahip oldu\u011funu belirtti. T\u00fcrklerin Adriyatik\u2019ten \u00c7in Seddi\u2019ne uzanan geni\u015f bir co\u011frafyada farkl\u0131 k\u00fclt\u00fcr ve inan\u00e7larla zengin bir dil miras\u0131 olu\u015fturdu\u011funu ifade eden Hayk\u0131ran, Ka\u015fgarl\u0131 Mahmud\u2019un T\u00fcrk\u00e7enin k\u00f6kl\u00fc yap\u0131s\u0131 ve zenginli\u011fine dikkat \u00e7ekti\u011fini hat\u0131rlatt\u0131.<\/p>\n<p>Konferansta konu\u015fan AD\u00dc \u0130nsan ve Toplum Bilimleri Fak\u00fcltesi Tarih B\u00f6l\u00fcm\u00fc \u00d6\u011fretim \u00dcyesi Prof. Dr. Ahmet Toksoy ise Orta Asya ve Mo\u011folistan\u2019a ger\u00e7ekle\u015ftirilen bilimsel seferler sonucunda K\u00f6kt\u00fcrk ve Yenisey kitabelerinin ilim d\u00fcnyas\u0131na kazand\u0131r\u0131ld\u0131\u011f\u0131n\u0131 s\u00f6yledi. T\u00fcrk\u00e7enin bug\u00fcn d\u00fcnyan\u0131n en yayg\u0131n dillerinden biri oldu\u011funa vurgu yapan Toksoy, gen\u00e7lerin yabanc\u0131 dil \u00f6\u011frenirken ana dilleri T\u00fcrk\u00e7eye de sahip \u00e7\u0131kmalar\u0131n\u0131n b\u00fcy\u00fck \u00f6nem ta\u015f\u0131d\u0131\u011f\u0131n\u0131 dile getirdi.<\/p>\n<p>Program, T\u00fcrk D\u00fcnyas\u0131 Gen\u00e7lik Vakf\u0131\u2019n\u0131n video g\u00f6sterimiyle devam etti. Ard\u0131ndan AD\u00dc \u00f6\u011frencileri Zeynep Atasever ve Do\u011fa Ak, T\u00fcrk dilinin geli\u015fim s\u00fcre\u00e7lerine ili\u015fkin sunum ger\u00e7ekle\u015ftirdi. Etkinlikte Azerbaycanl\u0131 \u00f6\u011frenciler T\u00fcrk d\u00fcnyas\u0131nda dil birli\u011fi ve k\u00fclt\u00fcrel miras konular\u0131nda sunum yaparken, program Kafkas dans g\u00f6sterisi, Kazakistanl\u0131 \u00f6\u011frencilerin sunumlar\u0131 ve video g\u00f6sterimiyle sona erdi.<br \/><\/p>\n","protected":false},"excerpt":{"rendered":"<p>Ayd\u0131n Adnan Menderes \u00dcniversitesi\u2019nde, d\u00fczenlenen konferansta T\u00fcrk\u00e7enin tarihi, geli\u015fimi ve T\u00fcrk d\u00fcnyas\u0131ndaki \u00f6nemi ele al\u0131nd\u0131. Ayd\u0131n Adnan Menderes \u00dcniversitesi\u2019nde (AD\u00dc), T\u00fcrk D\u00fcnyas\u0131 Gen\u00e7lik Toplulu\u011fu taraf\u0131ndan &#8220;15 Aral\u0131k UNESCO Uluslararas\u0131 T\u00fcrk Dili G\u00fcn\u00fc&#8221; dolay\u0131s\u0131yla konferans d\u00fczenlendi. 15 Aral\u0131k 2025 tarihinde Atat\u00fcrk Kongre Merkezi Ayd\u0131n Bey Salonu\u2019nda ger\u00e7ekle\u015ftirilen program, sayg\u0131 duru\u015fu ve \u0130stiklal Mar\u015f\u0131\u2019n\u0131n ard\u0131ndan Azerbaycan Cumhuriyeti&#8230;<\/p>\n","protected":false},"author":1,"featured_media":74450,"comment_status":"open","ping_status":"open","sticky":false,"template":"","format":"standard","meta":{"_crdt_document":"","footnotes":""},"categories":[1],"tags":[],"class_list":["post-74449","post","type-post","status-publish","format-standard","has-post-thumbnail","hentry","category-guncel"],"_links":{"self":[{"href":"https:\/\/www.egemtv.com\/index.php?rest_route=\/wp\/v2\/posts\/74449","targetHints":{"allow":["GET"]}}],"collection":[{"href":"https:\/\/www.egemtv.com\/index.php?rest_route=\/wp\/v2\/posts"}],"about":[{"href":"https:\/\/www.egemtv.com\/index.php?rest_route=\/wp\/v2\/types\/post"}],"author":[{"embeddable":true,"href":"https:\/\/www.egemtv.com\/index.php?rest_route=\/wp\/v2\/users\/1"}],"replies":[{"embeddable":true,"href":"https:\/\/www.egemtv.com\/index.php?rest_route=%2Fwp%2Fv2%2Fcomments&post=74449"}],"version-history":[{"count":1,"href":"https:\/\/www.egemtv.com\/index.php?rest_route=\/wp\/v2\/posts\/74449\/revisions"}],"predecessor-version":[{"id":74451,"href":"https:\/\/www.egemtv.com\/index.php?rest_route=\/wp\/v2\/posts\/74449\/revisions\/74451"}],"wp:featuredmedia":[{"embeddable":true,"href":"https:\/\/www.egemtv.com\/index.php?rest_route=\/wp\/v2\/media\/74450"}],"wp:attachment":[{"href":"https:\/\/www.egemtv.com\/index.php?rest_route=%2Fwp%2Fv2%2Fmedia&parent=74449"}],"wp:term":[{"taxonomy":"category","embeddable":true,"href":"https:\/\/www.egemtv.com\/index.php?rest_route=%2Fwp%2Fv2%2Fcategories&post=74449"},{"taxonomy":"post_tag","embeddable":true,"href":"https:\/\/www.egemtv.com\/index.php?rest_route=%2Fwp%2Fv2%2Ftags&post=74449"}],"curies":[{"name":"wp","href":"https:\/\/api.w.org\/{rel}","templated":true}]}}