{"id":74446,"date":"2025-12-16T09:54:51","date_gmt":"2025-12-16T06:54:51","guid":{"rendered":"https:\/\/www.egemtv.com\/?p=74446"},"modified":"2025-12-16T09:54:51","modified_gmt":"2025-12-16T06:54:51","slug":"boyundan-buyuk-scooteri-caldilar","status":"publish","type":"post","link":"https:\/\/www.egemtv.com\/?p=74446","title":{"rendered":"Boyundan b\u00fcy\u00fck scooter\u2019\u0131 \u00e7ald\u0131lar"},"content":{"rendered":"<p>Ayd\u0131n\u2019\u0131n Ku\u015fadas\u0131 il\u00e7esinde bir esnafa ait elektrikli scooter, k\u00fc\u00e7\u00fck ya\u015ftaki iki \u00e7ocuk taraf\u0131ndan \u00e7al\u0131nd\u0131. Boyundan b\u00fcy\u00fck scooter\u2019\u0131 \u00e7alan, yerine oyunca\u011f\u0131n\u0131 b\u0131rakan iki k\u00fc\u00e7\u00fck \u00e7ocuk, \u00e7evrede bulunan bir i\u015f yerinin g\u00fcvenlik kameras\u0131na yans\u0131d\u0131.<br \/>\n<br \/>Edinilen bilgilere g\u00f6re, T\u00fcrkmen Mahallesi Tavasl\u0131 Sokak\u2019ta d\u00fcn saat 16.00 s\u0131ralar\u0131nda meydana gelen olayda, de\u011feri yakla\u015f\u0131k 30 bin TL oldu\u011fu \u00f6\u011frenilen elektrikli scooter, ya\u015flar\u0131 6 yada 7 aras\u0131nda oldu\u011fu tahmin edilen iki \u00e7ocuk taraf\u0131ndan al\u0131nd\u0131. Scooter\u2019\u0131n sahibinin i\u015f yerinde bulunmad\u0131\u011f\u0131 s\u0131rada ger\u00e7ekle\u015fen olay, ak\u015fam saatlerinde fark edildi. \u0130\u015f yeri sahibinin \u015fikayetinin ard\u0131ndan polis ekipleri taraf\u0131ndan olayla ilgili inceleme ba\u015flat\u0131ld\u0131.<\/p>\n<p>G\u00fcvenlik kameras\u0131 kay\u0131ttayd\u0131<br \/>\n<br \/>Ku\u015fadas\u0131\u2019nda iki k\u00fc\u00e7\u00fck \u00e7ocu\u011fun scooter\u2019\u0131 \u00e7al\u0131p b\u00f6lgeden uzakla\u015fmas\u0131 ise \u00e7evredeki bir i\u015f yerinin kameras\u0131na yans\u0131d\u0131. G\u00f6r\u00fcnt\u00fclerde \u00e7ocuklardan birinin boyundan b\u00fcy\u00fck elektrikli Scooter\u2019a binip gitmesi yer al\u0131rken, di\u011fer \u00e7ocu\u011funun elindeki oyuncak scooter\u2019i b\u0131rakmas\u0131 yer ald\u0131.<br \/>\n<br \/>Scooter sahibi Caner Sevim, durumu kom\u015fu esnafla payla\u015ft\u0131ktan sonra \u00e7evredeki g\u00fcvenlik kameralar\u0131n\u0131 incelediklerini belirterek, &#8220;Bir yere gitmi\u015ftim, d\u00fckkan kapal\u0131yd\u0131. Ak\u015fam\u00fczeri d\u0131\u015far\u0131 \u00e7\u0131kt\u0131\u011f\u0131mda fark ettim. Kom\u015funun kameras\u0131na bakt\u0131k, \u00e7ocuklar\u0131n scooter\u2019\u0131 al\u0131p g\u00f6t\u00fcrd\u00fc\u011f\u00fcn\u00fc g\u00f6rd\u00fck. Ay\u0131p olmas\u0131n diye k\u00fc\u00e7\u00fck olan\u0131 b\u0131rak\u0131p gitmi\u015fler&#8221; ifadelerini kulland\u0131.<br \/><\/p>\n","protected":false},"excerpt":{"rendered":"<p>Ayd\u0131n\u2019\u0131n Ku\u015fadas\u0131 il\u00e7esinde bir esnafa ait elektrikli scooter, k\u00fc\u00e7\u00fck ya\u015ftaki iki \u00e7ocuk taraf\u0131ndan \u00e7al\u0131nd\u0131. Boyundan b\u00fcy\u00fck scooter\u2019\u0131 \u00e7alan, yerine oyunca\u011f\u0131n\u0131 b\u0131rakan iki k\u00fc\u00e7\u00fck \u00e7ocuk, \u00e7evrede bulunan bir i\u015f yerinin g\u00fcvenlik kameras\u0131na yans\u0131d\u0131. Edinilen bilgilere g\u00f6re, T\u00fcrkmen Mahallesi Tavasl\u0131 Sokak\u2019ta d\u00fcn saat 16.00 s\u0131ralar\u0131nda meydana gelen olayda, de\u011feri yakla\u015f\u0131k 30 bin TL oldu\u011fu \u00f6\u011frenilen elektrikli scooter,&#8230;<\/p>\n","protected":false},"author":1,"featured_media":74447,"comment_status":"open","ping_status":"open","sticky":false,"template":"","format":"standard","meta":{"_crdt_document":"","footnotes":""},"categories":[5],"tags":[],"class_list":["post-74446","post","type-post","status-publish","format-standard","has-post-thumbnail","hentry","category-asayis"],"_links":{"self":[{"href":"https:\/\/www.egemtv.com\/index.php?rest_route=\/wp\/v2\/posts\/74446","targetHints":{"allow":["GET"]}}],"collection":[{"href":"https:\/\/www.egemtv.com\/index.php?rest_route=\/wp\/v2\/posts"}],"about":[{"href":"https:\/\/www.egemtv.com\/index.php?rest_route=\/wp\/v2\/types\/post"}],"author":[{"embeddable":true,"href":"https:\/\/www.egemtv.com\/index.php?rest_route=\/wp\/v2\/users\/1"}],"replies":[{"embeddable":true,"href":"https:\/\/www.egemtv.com\/index.php?rest_route=%2Fwp%2Fv2%2Fcomments&post=74446"}],"version-history":[{"count":1,"href":"https:\/\/www.egemtv.com\/index.php?rest_route=\/wp\/v2\/posts\/74446\/revisions"}],"predecessor-version":[{"id":74448,"href":"https:\/\/www.egemtv.com\/index.php?rest_route=\/wp\/v2\/posts\/74446\/revisions\/74448"}],"wp:featuredmedia":[{"embeddable":true,"href":"https:\/\/www.egemtv.com\/index.php?rest_route=\/wp\/v2\/media\/74447"}],"wp:attachment":[{"href":"https:\/\/www.egemtv.com\/index.php?rest_route=%2Fwp%2Fv2%2Fmedia&parent=74446"}],"wp:term":[{"taxonomy":"category","embeddable":true,"href":"https:\/\/www.egemtv.com\/index.php?rest_route=%2Fwp%2Fv2%2Fcategories&post=74446"},{"taxonomy":"post_tag","embeddable":true,"href":"https:\/\/www.egemtv.com\/index.php?rest_route=%2Fwp%2Fv2%2Ftags&post=74446"}],"curies":[{"name":"wp","href":"https:\/\/api.w.org\/{rel}","templated":true}]}}