{"id":74395,"date":"2025-12-15T17:34:53","date_gmt":"2025-12-15T14:34:53","guid":{"rendered":"https:\/\/www.egemtv.com\/?p=74395"},"modified":"2025-12-15T17:34:54","modified_gmt":"2025-12-15T14:34:54","slug":"8-ilden-18-takim-denizlide-final-bileti-arayacak","status":"publish","type":"post","link":"https:\/\/www.egemtv.com\/?p=74395","title":{"rendered":"8 ilden 18 tak\u0131m Denizli\u2019de final bileti arayacak"},"content":{"rendered":"<p>Okul Sporlar\u0131 Hentbol Gen\u00e7ler Grup \u015eampiyonas\u0131, 16-19 Aral\u0131k tarihleri aras\u0131nda Denizli\u2019nin ev sahipli\u011finde ger\u00e7ekle\u015fecek. D\u00f6rt g\u00fcn boyunca s\u00fcrecek m\u00fcsabakalarda; 8 ilden toplam 18 tak\u0131m 300 sporcu m\u00fccadele edecek.<\/p>\n<p>Gen\u00e7lik ve Spor Bakanl\u0131\u011f\u0131n\u0131n koordinesinde d\u00fczenlenen Okul Sporlar\u0131 yar\u0131\u015fmalar\u0131 farkl\u0131 bran\u015flarda devam ediyor. Yar\u0131\u015fmalar kapsam\u0131nda, Hentbol Gen\u00e7ler Grup \u015eampiyonas\u0131 16-19 Aral\u0131k 2025 tarihleri aras\u0131nda Denizli\u2019nin ev sahipli\u011finde ger\u00e7ekle\u015fecek. \u015eampiyonan\u0131n \u2018K\u0131zlar\u2019 kategorisi m\u00fcsabakalar\u0131 K\u0131n\u0131kl\u0131 Spor Salonu\u2019nda, \u2018Erkekler\u2019 kar\u015f\u0131la\u015fmalar\u0131 ise Hasan G\u00fcng\u00f6r Spor Salonu\u2019nda yap\u0131lacak.<\/p>\n<p>Denizli Gen\u00e7lik ve Spor \u0130l M\u00fcd\u00fcrl\u00fc\u011f\u00fc\u2019n\u00fcn organizasyonunda ger\u00e7ekle\u015fecek \u015fampiyonada; 8 farkl\u0131 ilden, 9 k\u0131z 10 erkek olmak \u00fczere 18 tak\u0131mdan toplam 300 sporcu T\u00fcrkiye \u015eampiyonas\u0131\u2019na ad\u0131n\u0131 yazd\u0131rabilmek i\u00e7in Denizli\u2019de parkeye \u00e7\u0131kacak. K\u0131n\u0131kl\u0131 ve Hasan G\u00fcng\u00f6r Spor Salonunda ger\u00e7ekle\u015fecek m\u00fcsabakalar\u0131n ard\u0131ndan, gruplar\u0131nda ilk s\u0131ray\u0131 elde eden tak\u0131mlar illerini T\u00fcrkiye \u015eampiyonas\u0131\u2019nda temsil etmeye hak kazanacak.<\/p>\n<p>\u015eampiyonan\u0131n teknik toplant\u0131s\u0131 15 Aral\u0131k Pazartesi g\u00fcn\u00fc saat 17.00\u2019de Pamukkale Satran\u00e7 Salonu\u2019nda ger\u00e7ekle\u015fecek. A\u00e7\u0131l\u0131\u015f seremonisi ise 16 Aral\u0131k Sal\u0131 g\u00fcn\u00fc saat 09.30\u2019da K\u0131n\u0131kl\u0131 Spor Salonu\u2019nda yap\u0131lacak.<br \/><\/p>\n","protected":false},"excerpt":{"rendered":"<p>Okul Sporlar\u0131 Hentbol Gen\u00e7ler Grup \u015eampiyonas\u0131, 16-19 Aral\u0131k tarihleri aras\u0131nda Denizli\u2019nin ev sahipli\u011finde ger\u00e7ekle\u015fecek. D\u00f6rt g\u00fcn boyunca s\u00fcrecek m\u00fcsabakalarda; 8 ilden toplam 18 tak\u0131m 300 sporcu m\u00fccadele edecek. Gen\u00e7lik ve Spor Bakanl\u0131\u011f\u0131n\u0131n koordinesinde d\u00fczenlenen Okul Sporlar\u0131 yar\u0131\u015fmalar\u0131 farkl\u0131 bran\u015flarda devam ediyor. Yar\u0131\u015fmalar kapsam\u0131nda, Hentbol Gen\u00e7ler Grup \u015eampiyonas\u0131 16-19 Aral\u0131k 2025 tarihleri aras\u0131nda Denizli\u2019nin ev sahipli\u011finde&#8230;<\/p>\n","protected":false},"author":1,"featured_media":74396,"comment_status":"open","ping_status":"open","sticky":false,"template":"","format":"standard","meta":{"_crdt_document":"","footnotes":""},"categories":[4],"tags":[],"class_list":["post-74395","post","type-post","status-publish","format-standard","has-post-thumbnail","hentry","category-spor"],"_links":{"self":[{"href":"https:\/\/www.egemtv.com\/index.php?rest_route=\/wp\/v2\/posts\/74395","targetHints":{"allow":["GET"]}}],"collection":[{"href":"https:\/\/www.egemtv.com\/index.php?rest_route=\/wp\/v2\/posts"}],"about":[{"href":"https:\/\/www.egemtv.com\/index.php?rest_route=\/wp\/v2\/types\/post"}],"author":[{"embeddable":true,"href":"https:\/\/www.egemtv.com\/index.php?rest_route=\/wp\/v2\/users\/1"}],"replies":[{"embeddable":true,"href":"https:\/\/www.egemtv.com\/index.php?rest_route=%2Fwp%2Fv2%2Fcomments&post=74395"}],"version-history":[{"count":1,"href":"https:\/\/www.egemtv.com\/index.php?rest_route=\/wp\/v2\/posts\/74395\/revisions"}],"predecessor-version":[{"id":74397,"href":"https:\/\/www.egemtv.com\/index.php?rest_route=\/wp\/v2\/posts\/74395\/revisions\/74397"}],"wp:featuredmedia":[{"embeddable":true,"href":"https:\/\/www.egemtv.com\/index.php?rest_route=\/wp\/v2\/media\/74396"}],"wp:attachment":[{"href":"https:\/\/www.egemtv.com\/index.php?rest_route=%2Fwp%2Fv2%2Fmedia&parent=74395"}],"wp:term":[{"taxonomy":"category","embeddable":true,"href":"https:\/\/www.egemtv.com\/index.php?rest_route=%2Fwp%2Fv2%2Fcategories&post=74395"},{"taxonomy":"post_tag","embeddable":true,"href":"https:\/\/www.egemtv.com\/index.php?rest_route=%2Fwp%2Fv2%2Ftags&post=74395"}],"curies":[{"name":"wp","href":"https:\/\/api.w.org\/{rel}","templated":true}]}}