{"id":74392,"date":"2025-12-15T17:14:41","date_gmt":"2025-12-15T14:14:41","guid":{"rendered":"https:\/\/www.egemtv.com\/?p=74392"},"modified":"2025-12-15T17:14:41","modified_gmt":"2025-12-15T14:14:41","slug":"lise-ogrencileri-aduyu-gezdi","status":"publish","type":"post","link":"https:\/\/www.egemtv.com\/?p=74392","title":{"rendered":"Lise \u00f6\u011frencileri AD\u00dc\u2019y\u00fc gezdi"},"content":{"rendered":"<p>Adnan Menderes \u00dcniversitesi\u2019nde, Y\u00fcksek\u00f6\u011fretime ge\u00e7i\u015f s\u0131navlar\u0131 \u00f6ncesi gezi ve bilgilenme ama\u00e7l\u0131 d\u00fczenlenen kamp\u00fcs tan\u0131t\u0131m etkinliklerinin son konuklar\u0131; S\u00f6ke Cafer Efe K\u0131z Mesleki ve Teknik Anadolu Lisesi ve Ku\u015fadas\u0131 Makbule Hasan U\u00e7ar Anadolu Lisesi \u00f6\u011frencileri oldu.<\/p>\n<p>Lise \u00f6\u011fretmenleri e\u015fli\u011finde AD\u00dc\u2019y\u00fc ziyaret eden \u00f6\u011frencilere; E\u011fitim Fak\u00fcltesi, M\u00fchendislik Fak\u00fcltesi, Siyasal Bilgiler Fak\u00fcltesi ve Recep Tayyip Erdo\u011fan Engelli Dostu K\u00fct\u00fcphanesi ile Atat\u00fcrk Kongre Merkezi tan\u0131t\u0131l\u0131rken, \u00f6\u011frenciler fak\u00fclte ve \u00fcniversite hayat\u0131n\u0131 yak\u0131ndan inceleme f\u0131rsat\u0131 buldu.<\/p>\n<p>Kurumsal \u0130leti\u015fim Koordinat\u00f6rl\u00fc\u011f\u00fc personeli taraf\u0131ndan ilgili akademik birimlere y\u00f6nlendirilen \u00f6\u011frencilere b\u00f6l\u00fcm temsilcileri taraf\u0131ndan; fak\u00fclte b\u00f6l\u00fcmleri, teknik ve fiziksel imk\u00e2nlar\u0131 hakk\u0131nda bilgiler verildi. Kamp\u00fcste ya\u015fam, \u00f6\u011frencilere sa\u011flanan imkanlar, sosyal faaliyetler ile fak\u00fcltelerin sahip oldu\u011fu fiziki ve sosyal imk\u00e2nlar yerinde tan\u0131t\u0131ld\u0131.<\/p>\n<p>B\u00f6l\u00fcmler hakk\u0131nda detayl\u0131 bilgi alarak ilgili b\u00f6l\u00fcmlerin ara\u015ft\u0131rma merkezlerinde teknik gezi imkan\u0131 da bulan \u00f6\u011frenciler, AD\u00dc\u2019n\u00fcn fiziki imkanlar\u0131 hakk\u0131nda fikir edindi. Gezi s\u0131ras\u0131nda keyifli vakit ge\u00e7irdiklerini belirten liseli \u00f6\u011frenciler, Ayd\u0131n Adnan Menderes \u00dcniversitesi\u2019ni tercihleri aras\u0131na mutlaka alacaklar\u0131n\u0131 ifade etti.<br \/><\/p>\n","protected":false},"excerpt":{"rendered":"<p>Adnan Menderes \u00dcniversitesi\u2019nde, Y\u00fcksek\u00f6\u011fretime ge\u00e7i\u015f s\u0131navlar\u0131 \u00f6ncesi gezi ve bilgilenme ama\u00e7l\u0131 d\u00fczenlenen kamp\u00fcs tan\u0131t\u0131m etkinliklerinin son konuklar\u0131; S\u00f6ke Cafer Efe K\u0131z Mesleki ve Teknik Anadolu Lisesi ve Ku\u015fadas\u0131 Makbule Hasan U\u00e7ar Anadolu Lisesi \u00f6\u011frencileri oldu. Lise \u00f6\u011fretmenleri e\u015fli\u011finde AD\u00dc\u2019y\u00fc ziyaret eden \u00f6\u011frencilere; E\u011fitim Fak\u00fcltesi, M\u00fchendislik Fak\u00fcltesi, Siyasal Bilgiler Fak\u00fcltesi ve Recep Tayyip Erdo\u011fan Engelli Dostu&#8230;<\/p>\n","protected":false},"author":1,"featured_media":74393,"comment_status":"open","ping_status":"open","sticky":false,"template":"","format":"standard","meta":{"_crdt_document":"","footnotes":""},"categories":[1],"tags":[],"class_list":["post-74392","post","type-post","status-publish","format-standard","has-post-thumbnail","hentry","category-guncel"],"_links":{"self":[{"href":"https:\/\/www.egemtv.com\/index.php?rest_route=\/wp\/v2\/posts\/74392","targetHints":{"allow":["GET"]}}],"collection":[{"href":"https:\/\/www.egemtv.com\/index.php?rest_route=\/wp\/v2\/posts"}],"about":[{"href":"https:\/\/www.egemtv.com\/index.php?rest_route=\/wp\/v2\/types\/post"}],"author":[{"embeddable":true,"href":"https:\/\/www.egemtv.com\/index.php?rest_route=\/wp\/v2\/users\/1"}],"replies":[{"embeddable":true,"href":"https:\/\/www.egemtv.com\/index.php?rest_route=%2Fwp%2Fv2%2Fcomments&post=74392"}],"version-history":[{"count":1,"href":"https:\/\/www.egemtv.com\/index.php?rest_route=\/wp\/v2\/posts\/74392\/revisions"}],"predecessor-version":[{"id":74394,"href":"https:\/\/www.egemtv.com\/index.php?rest_route=\/wp\/v2\/posts\/74392\/revisions\/74394"}],"wp:featuredmedia":[{"embeddable":true,"href":"https:\/\/www.egemtv.com\/index.php?rest_route=\/wp\/v2\/media\/74393"}],"wp:attachment":[{"href":"https:\/\/www.egemtv.com\/index.php?rest_route=%2Fwp%2Fv2%2Fmedia&parent=74392"}],"wp:term":[{"taxonomy":"category","embeddable":true,"href":"https:\/\/www.egemtv.com\/index.php?rest_route=%2Fwp%2Fv2%2Fcategories&post=74392"},{"taxonomy":"post_tag","embeddable":true,"href":"https:\/\/www.egemtv.com\/index.php?rest_route=%2Fwp%2Fv2%2Ftags&post=74392"}],"curies":[{"name":"wp","href":"https:\/\/api.w.org\/{rel}","templated":true}]}}