{"id":74389,"date":"2025-12-15T17:14:40","date_gmt":"2025-12-15T14:14:40","guid":{"rendered":"https:\/\/www.egemtv.com\/?p=74389"},"modified":"2025-12-15T17:14:40","modified_gmt":"2025-12-15T14:14:40","slug":"gulsah-durbay-gozyaslariyla-defnedildi","status":"publish","type":"post","link":"https:\/\/www.egemtv.com\/?p=74389","title":{"rendered":"G\u00fcl\u015fah Durbay g\u00f6zya\u015flar\u0131yla defnedildi"},"content":{"rendered":"<p>Gen\u00e7 ya\u015fta hayat\u0131n\u0131 kaybeden Manisa \u015eehzadeler Belediye Ba\u015fkan\u0131 G\u00fcl\u015fah Durbay, onbinlerce Manisal\u0131\u2018n\u0131n kat\u0131ld\u0131\u011f\u0131 cenaze t\u00f6reninin ard\u0131ndan Koldere Mahallesi Mezarl\u0131\u011f\u0131nda topra\u011fa verildi. Durbay\u2019\u0131n cenazesinin defnedilmesinin ard\u0131ndan ailesi ve CHP Genel Ba\u015fkan\u0131 \u00d6zg\u00fcr \u00d6zel, Durbay ailesinin evinde taziyeleri kabul etti.<\/p>\n<p>Yakla\u015f\u0131k 14 g\u00fcnl\u00fck bir tedavi s\u00fcrecinin ard\u0131ndan metastaz kolon kanseri ve \u00e7oklu organ yetmezli\u011fi nedeniyle d\u00fcn ak\u015fam hayat\u0131n\u0131 kaybeden Manisa\u2019n\u0131n ilk kad\u0131n belediye ba\u015fkan\u0131 G\u00fcl\u015fah Durbay\u2019\u0131n naa\u015f\u0131 g\u00f6rev yapt\u0131\u011f\u0131 \u015eehzadeler Belediyesindeki t\u00f6renin ard\u0131ndan Hatuniye Camiine getirildi. \u00d6\u011fle namaz\u0131n\u0131n ard\u0131ndan Manisa \u0130l M\u00fcft\u00fcs\u00fc \u015e\u00fckr\u00fc Kabuk\u00e7u taraf\u0131ndan helallik al\u0131nmas\u0131n\u0131n ard\u0131ndan omuzlarda ta\u015f\u0131narak, te\u015frik tekbirleriyle Cumhuriyet Meydan\u0131na g\u00f6t\u00fcr\u00fclen Ba\u015fkan Durbay\u2019\u0131n naa\u015f\u0131n\u0131 burada on binlerce Manisal\u0131 kar\u015f\u0131lad\u0131. Yol boyunca Manisal\u0131lar Ba\u015fkan Durbay\u2019\u0131n naa\u015f\u0131n\u0131 \u00e7i\u00e7eklerle u\u011furlad\u0131. Cenaze t\u00f6renine Manisa Valisi Vahdettin \u00d6zkan, CHP Genel Ba\u015fkan\u0131 \u00d6zg\u00fcr \u00d6zel, CHP Genel Ba\u015fkan Yard\u0131mc\u0131lar\u0131, Ankara B\u00fcy\u00fck\u015fehir Belediye Ba\u015fkan\u0131 Mansur Yava\u015f, \u00e7ok say\u0131da belediye ba\u015fkan\u0131 ve milletvekili, annesi Fatma Durbay, babas\u0131 Osman Durbay, karde\u015fi Nevsale Durbay Ekin ile binlerce Manisal\u0131 kat\u0131ld\u0131.<\/p>\n<p>G\u00f6zya\u015flar\u0131yla defnedildi<br \/>\n<br \/>Manisa \u0130l M\u00fcft\u00fcs\u00fc \u015e\u00fckr\u00fc Kabuk\u00e7u taraf\u0131ndan k\u0131ld\u0131r\u0131lan cenaze namaz\u0131n\u0131n ard\u0131ndan G\u00fcl\u015fah Durbay\u2019\u0131n naa\u015f\u0131, do\u011fup b\u00fcy\u00fcd\u00fc\u011f\u00fc Koldere Mahallesindeki aile kabristanl\u0131\u011f\u0131nda topra\u011fa verilmek \u00fczere alandan dualar ve g\u00f6zya\u015flar\u0131 i\u00e7inde ayr\u0131ld\u0131. Durbay\u2019\u0131n cenazesi \u00f6nce baba evine getirildi ve burada al\u0131nan helalli\u011fin ard\u0131ndan binlerce seveni taraf\u0131ndan kabristanda kar\u015f\u0131land\u0131. Kabristanda CHP Genel Ba\u015fkan\u0131 \u00d6zg\u00fcr \u00d6zel ile belediye baskanlari milletvekilleri ve parti \u00fcyeleri yer ald\u0131. G\u00fcl\u015fah Durbay\u2019\u0131n naa\u015f\u0131 burada g\u00f6zya\u015flar\u0131 i\u00e7erisinde topra\u011fa verildi.<\/p>\n<p>Baba evinde taziye<br \/>\n<br \/>G\u00fcl\u015fah Durbay\u2019\u0131n cenazesinin defninin ard\u0131ndan, do\u011fup b\u00fcy\u00fcd\u00fc\u011f\u00fc Koldere Mahallesi\u2019ndeki evinde annesi Fatma, babas\u0131 Osman Durbay ve CHP Genel Ba\u015fkan\u0131 \u00d6zg\u00fcr \u00d6zel taraf\u0131ndan taziyeler kabul edildi.<br \/><\/p>\n","protected":false},"excerpt":{"rendered":"<p>Gen\u00e7 ya\u015fta hayat\u0131n\u0131 kaybeden Manisa \u015eehzadeler Belediye Ba\u015fkan\u0131 G\u00fcl\u015fah Durbay, onbinlerce Manisal\u0131\u2018n\u0131n kat\u0131ld\u0131\u011f\u0131 cenaze t\u00f6reninin ard\u0131ndan Koldere Mahallesi Mezarl\u0131\u011f\u0131nda topra\u011fa verildi. Durbay\u2019\u0131n cenazesinin defnedilmesinin ard\u0131ndan ailesi ve CHP Genel Ba\u015fkan\u0131 \u00d6zg\u00fcr \u00d6zel, Durbay ailesinin evinde taziyeleri kabul etti. Yakla\u015f\u0131k 14 g\u00fcnl\u00fck bir tedavi s\u00fcrecinin ard\u0131ndan metastaz kolon kanseri ve \u00e7oklu organ yetmezli\u011fi nedeniyle d\u00fcn ak\u015fam&#8230;<\/p>\n","protected":false},"author":1,"featured_media":74390,"comment_status":"open","ping_status":"open","sticky":false,"template":"","format":"standard","meta":{"_crdt_document":"","footnotes":""},"categories":[127],"tags":[],"class_list":["post-74389","post","type-post","status-publish","format-standard","has-post-thumbnail","hentry","category-siyaset"],"_links":{"self":[{"href":"https:\/\/www.egemtv.com\/index.php?rest_route=\/wp\/v2\/posts\/74389","targetHints":{"allow":["GET"]}}],"collection":[{"href":"https:\/\/www.egemtv.com\/index.php?rest_route=\/wp\/v2\/posts"}],"about":[{"href":"https:\/\/www.egemtv.com\/index.php?rest_route=\/wp\/v2\/types\/post"}],"author":[{"embeddable":true,"href":"https:\/\/www.egemtv.com\/index.php?rest_route=\/wp\/v2\/users\/1"}],"replies":[{"embeddable":true,"href":"https:\/\/www.egemtv.com\/index.php?rest_route=%2Fwp%2Fv2%2Fcomments&post=74389"}],"version-history":[{"count":1,"href":"https:\/\/www.egemtv.com\/index.php?rest_route=\/wp\/v2\/posts\/74389\/revisions"}],"predecessor-version":[{"id":74391,"href":"https:\/\/www.egemtv.com\/index.php?rest_route=\/wp\/v2\/posts\/74389\/revisions\/74391"}],"wp:featuredmedia":[{"embeddable":true,"href":"https:\/\/www.egemtv.com\/index.php?rest_route=\/wp\/v2\/media\/74390"}],"wp:attachment":[{"href":"https:\/\/www.egemtv.com\/index.php?rest_route=%2Fwp%2Fv2%2Fmedia&parent=74389"}],"wp:term":[{"taxonomy":"category","embeddable":true,"href":"https:\/\/www.egemtv.com\/index.php?rest_route=%2Fwp%2Fv2%2Fcategories&post=74389"},{"taxonomy":"post_tag","embeddable":true,"href":"https:\/\/www.egemtv.com\/index.php?rest_route=%2Fwp%2Fv2%2Ftags&post=74389"}],"curies":[{"name":"wp","href":"https:\/\/api.w.org\/{rel}","templated":true}]}}