{"id":74386,"date":"2025-12-15T16:54:51","date_gmt":"2025-12-15T13:54:51","guid":{"rendered":"https:\/\/www.egemtv.com\/?p=74386"},"modified":"2025-12-15T16:54:51","modified_gmt":"2025-12-15T13:54:51","slug":"heydar-aliyev-vefatinin-22-yilinda-aliagada-anildi","status":"publish","type":"post","link":"https:\/\/www.egemtv.com\/?p=74386","title":{"rendered":"Heydar Aliyev vefat\u0131n\u0131n 22. y\u0131l\u0131nda Alia\u011fa\u2019da an\u0131ld\u0131"},"content":{"rendered":"<p>Azerbaycan\u2019\u0131n kurucusu merhum Cumhurba\u015fkan\u0131 Heydar Aliyev, ebediyete intikal edi\u015finin 22. y\u0131l d\u00f6n\u00fcm\u00fc Alia\u011fa\u2019da an\u0131ld\u0131. Anma program\u0131, Alia\u011fa\u2019da kendi ad\u0131n\u0131 ta\u015f\u0131yan Heydar Aliyev Mesleki ve Teknik Anadolu Lisesi\u2019nde ger\u00e7ekle\u015ftirildi.<br \/>\n<br \/>Heydar Aliyev Mesleki ve Teknik Anadolu Lisesi taraf\u0131ndan Konferans Salonu\u2019nda d\u00fczenlenen programa Alia\u011fa Kaymakam\u0131 Zekeriya G\u00fcney, Alia\u011fa Belediye Ba\u015fkan\u0131 Serkan Acar, Azerbaycan Ankara B\u00fcy\u00fckel\u00e7ili\u011fi E\u011fitim M\u00fcste\u015far\u0131 Do\u00e7. Dr. Necibe Nesibova, \u0130l Milli E\u011fitim M\u00fcd\u00fcr Yard\u0131mc\u0131s\u0131 Firdevs \u00c7atalkaya, \u0130l\u00e7e Milli E\u011fitim M\u00fcd\u00fcr\u00fc Dr. Erdo\u011fan Aky\u00fcz, \u0130l\u00e7e Jandarma Komutan\u0131 Yusufcan G\u00f6kg\u00f6z, \u0130l\u00e7e Emniyet M\u00fcd\u00fcr\u00fc Ahmet Can siyasi parti temsilcileri, kurum m\u00fcd\u00fcrleri, \u00f6\u011fretmenler ve \u00f6\u011frenciler kat\u0131ld\u0131.<br \/>\n<br \/>Anma program\u0131 sayg\u0131 duru\u015funun ard\u0131ndan T\u00fcrkiye ve Azerbaycan Milli Mar\u015flar\u0131n\u0131n okunmas\u0131yla ba\u015flad\u0131. Program\u0131n a\u00e7\u0131l\u0131\u015f konu\u015fmas\u0131n\u0131 Heydar Aliyev Mesleki ve Teknik Anadolu Lisesi Kimya Teknolojileri B\u00f6l\u00fcm\u00fc Laboratuvar \u015eefi Necmiye Ert\u00fcrk Atalar yapt\u0131. Ard\u0131ndan anma program\u0131 g\u00fcn\u00fcn anlam ve \u00f6nemini belirten protokol konu\u015fmalar\u0131 ile devam etti.<br \/>\n<br \/>\u0130l Milli E\u011fitim M\u00fcd\u00fcr Yard\u0131mc\u0131s\u0131 Firdevs \u00c7atalkaya konu\u015fmas\u0131nda, &#8220;Heydar Aliyev zor zamanlarda geri ad\u0131m atmayan, milletine g\u00fcvenen ve gelece\u011fi cesaretle in\u015fa eden bir devlet adam\u0131yd\u0131. Heydar Aliyev\u2019in b\u0131rakt\u0131\u011f\u0131 en g\u00fc\u00e7l\u00fc miras ba\u011f\u0131ms\u0131z, onurlu g\u00fc\u00e7l\u00fc bir Azerbaycan\u2019d\u0131r. Bu miras\u0131n temelinde T\u00fcrkiye ile Azerbaycan aras\u0131nda sars\u0131lmaz karde\u015flik vard\u0131r. Bu karde\u015flik sonsuzdur, ebedidir. Bu birlik ve beraberlik sonsuza kadar ya\u015fayacakt\u0131r&#8221; dedi.<br \/>\n<br \/>Azerbaycan Ankara B\u00fcy\u00fckel\u00e7ili\u011fi E\u011fitim M\u00fcste\u015far\u0131 Do\u00e7. Dr. Necibe Nesibova, Heydar Aliyev Mesleki ve Teknik Anadolu Lisesi\u2019nde okuyan \u00f6\u011frencilerin Heydar Aliyev\u2019in de\u011ferlerine sahip \u00e7\u0131kaca\u011f\u0131na inand\u0131\u011f\u0131n\u0131 ifade ederek \u015funlar\u0131 s\u00f6yledi: &#8220;Sevgili \u00f6\u011frenciler siz her g\u00fcn bu okula geldi\u011finizde onun ad\u0131yla ko\u015fuyorsunuz. Bu isim sadece bir okul ad\u0131 de\u011fil. Hem Azerbaycan\u2019\u0131n hem de T\u00fcrk d\u00fcnyas\u0131n\u0131n tarihlerinde iz b\u0131rakm\u0131\u015f b\u00fcy\u00fck bir devlet adam\u0131n\u0131n ismidir. Heydar Aliyev, Azerbaycan\u2019\u0131n en zor zamanlar\u0131nda sorumluluk \u00fcstlendi.  Azerbaycan\u2019\u0131n uluslararas\u0131 arenada sayg\u0131n bir konuma gelmesini sa\u011flad\u0131. Bug\u00fcn h\u0131zl\u0131 \u015fekilde geli\u015fen Azerbaycan onun eseridir. O Azerbaycan\u2019\u0131m\u0131z\u0131 par\u00e7alanmaktan, kaostan, yok olmaktan kurtard\u0131. D\u00fcnya tarihinin en \u00f6nemli liderlerinden olan Heydar Aliyev yaln\u0131zca Azerbaycan\u2019\u0131n kaderine de\u011fil t\u00fcm T\u00fcrk D\u00fcnyas\u0131\u2019n\u0131n gelece\u011fine y\u00f6n veren bir lider olmu\u015ftur. Aziz Heydar Aliyev\u2019in hat\u0131ras\u0131n\u0131 rahmetle ve minnetle anarken onun bizlere miras b\u0131rakt\u0131\u011f\u0131 de\u011ferleri bug\u00fcn siz sevgili \u00f6\u011frencilerin sahip \u00e7\u0131kaca\u011f\u0131na inan\u0131yorum&#8221;<br \/>\n<br \/>Heydar Aliyev\u2019in Azerbaycan\u2019\u0131 karanl\u0131k g\u00fcnlerden \u00e7\u0131kard\u0131\u011f\u0131n\u0131 s\u00f6yleyen Alia\u011fa Kaymakam\u0131 Zekeriya G\u00fcney, konu\u015fmas\u0131nda \u015fu ifadelere yer verdi: &#8220;Heydar Aliyev\u2019in aram\u0131zdan ayr\u0131l\u0131\u015f\u0131n\u0131n 22. y\u0131l d\u00f6n\u00fcm\u00fc m\u00fcnasebetiyle bir araya geldik.  Heydar Aliyev bug\u00fcnk\u00fc modern Azerbaycan\u2019\u0131n kurulmas\u0131na liderlik etmi\u015ftir. Yokluk ve yoksulluk i\u00e7erisindeki bir \u00fclkeyi modern hale getirmi\u015ftir. Nas\u0131l ki Mustafa Kemal Atat\u00fcrk Kurtulu\u015f Sava\u015f\u0131\u2019ndan sonra modern bir \u00fclke kurdu. Ayn\u0131 \u015fekilde Heydar Aliyev de \u00fclkesini karanl\u0131k g\u00fcnlerden \u00e7\u0131kararak modern Azerbaycan\u2019\u0131 kurmu\u015ftur. Bizler \u015funu bilip \u015funu s\u00f6yl\u00fcyoruz: Tek millet iki devlet&#8221;<br \/>\n<br \/>Protokol konu\u015fmalar\u0131n ard\u0131ndan Heydar Aliyev Mesleki ve Teknik Anadolu Lisesi \u00f6\u011frencileri aras\u0131nda d\u00fczenlenen, Heydar Aliyev\u2019i anlatan resim, \u015fiir, kompozisyon yar\u0131\u015fmalar\u0131nda dereceye giren \u00f6\u011frencilere \u00f6d\u00fclleri takdim edildi. Program, \u00f6\u011frencilerin haz\u0131rlad\u0131\u011f\u0131 &#8220;B\u00fcy\u00fck Lider:  Heydar Aliyev&#8221; adl\u0131 sunum g\u00f6sterimi ile sona erdi.<br \/><\/p>\n","protected":false},"excerpt":{"rendered":"<p>Azerbaycan\u2019\u0131n kurucusu merhum Cumhurba\u015fkan\u0131 Heydar Aliyev, ebediyete intikal edi\u015finin 22. y\u0131l d\u00f6n\u00fcm\u00fc Alia\u011fa\u2019da an\u0131ld\u0131. Anma program\u0131, Alia\u011fa\u2019da kendi ad\u0131n\u0131 ta\u015f\u0131yan Heydar Aliyev Mesleki ve Teknik Anadolu Lisesi\u2019nde ger\u00e7ekle\u015ftirildi. Heydar Aliyev Mesleki ve Teknik Anadolu Lisesi taraf\u0131ndan Konferans Salonu\u2019nda d\u00fczenlenen programa Alia\u011fa Kaymakam\u0131 Zekeriya G\u00fcney, Alia\u011fa Belediye Ba\u015fkan\u0131 Serkan Acar, Azerbaycan Ankara B\u00fcy\u00fckel\u00e7ili\u011fi E\u011fitim M\u00fcste\u015far\u0131 Do\u00e7&#8230;.<\/p>\n","protected":false},"author":1,"featured_media":74387,"comment_status":"open","ping_status":"open","sticky":false,"template":"","format":"standard","meta":{"_crdt_document":"","footnotes":""},"categories":[1],"tags":[],"class_list":["post-74386","post","type-post","status-publish","format-standard","has-post-thumbnail","hentry","category-guncel"],"_links":{"self":[{"href":"https:\/\/www.egemtv.com\/index.php?rest_route=\/wp\/v2\/posts\/74386","targetHints":{"allow":["GET"]}}],"collection":[{"href":"https:\/\/www.egemtv.com\/index.php?rest_route=\/wp\/v2\/posts"}],"about":[{"href":"https:\/\/www.egemtv.com\/index.php?rest_route=\/wp\/v2\/types\/post"}],"author":[{"embeddable":true,"href":"https:\/\/www.egemtv.com\/index.php?rest_route=\/wp\/v2\/users\/1"}],"replies":[{"embeddable":true,"href":"https:\/\/www.egemtv.com\/index.php?rest_route=%2Fwp%2Fv2%2Fcomments&post=74386"}],"version-history":[{"count":1,"href":"https:\/\/www.egemtv.com\/index.php?rest_route=\/wp\/v2\/posts\/74386\/revisions"}],"predecessor-version":[{"id":74388,"href":"https:\/\/www.egemtv.com\/index.php?rest_route=\/wp\/v2\/posts\/74386\/revisions\/74388"}],"wp:featuredmedia":[{"embeddable":true,"href":"https:\/\/www.egemtv.com\/index.php?rest_route=\/wp\/v2\/media\/74387"}],"wp:attachment":[{"href":"https:\/\/www.egemtv.com\/index.php?rest_route=%2Fwp%2Fv2%2Fmedia&parent=74386"}],"wp:term":[{"taxonomy":"category","embeddable":true,"href":"https:\/\/www.egemtv.com\/index.php?rest_route=%2Fwp%2Fv2%2Fcategories&post=74386"},{"taxonomy":"post_tag","embeddable":true,"href":"https:\/\/www.egemtv.com\/index.php?rest_route=%2Fwp%2Fv2%2Ftags&post=74386"}],"curies":[{"name":"wp","href":"https:\/\/api.w.org\/{rel}","templated":true}]}}