{"id":74383,"date":"2025-12-15T16:34:53","date_gmt":"2025-12-15T13:34:53","guid":{"rendered":"https:\/\/www.egemtv.com\/?p=74383"},"modified":"2025-12-15T16:34:54","modified_gmt":"2025-12-15T13:34:54","slug":"aydin-buyuksehir-belediyesi-kadin-yasam-atolyesi-hizmete-acildi","status":"publish","type":"post","link":"https:\/\/www.egemtv.com\/?p=74383","title":{"rendered":"Ayd\u0131n B\u00fcy\u00fck\u015fehir Belediyesi Kad\u0131n Ya\u015fam At\u00f6lyesi hizmete a\u00e7\u0131ld\u0131"},"content":{"rendered":"<p>Ayd\u0131n B\u00fcy\u00fck\u015fehir Belediyesi taraf\u0131ndan hayata ge\u00e7irilen Kad\u0131n Ya\u015fam At\u00f6lyesi kap\u0131lar\u0131n\u0131 a\u00e7arken, B\u00fcy\u00fck\u015fehir Belediye Ba\u015fkan\u0131 \u00d6zlem \u00c7er\u00e7io\u011flu; &#8220;Kad\u0131nlar\u0131n ya\u015fam\u0131n her alan\u0131nda yer alabilmeleri i\u00e7in \u00e7al\u0131\u015fmalar\u0131m\u0131z\u0131 s\u00fcrd\u00fcr\u00fcyoruz&#8221; dedi.<\/p>\n<p>Ayd\u0131n B\u00fcy\u00fck\u015fehir Belediye Ba\u015fkan\u0131 \u00d6zlem \u00c7er\u00e7io\u011flu, kad\u0131nlar\u0131n sosyal ve ekonomik ya\u015famda daha g\u00fc\u00e7l\u00fc bir \u015fekilde yer alabilmeleri i\u00e7in \u00e7al\u0131\u015fmalar\u0131n\u0131 s\u00fcrd\u00fcr\u00fcyor. Ayd\u0131n B\u00fcy\u00fck\u015fehir Belediyesi taraf\u0131ndan hayata ge\u00e7irilen Kad\u0131n Ya\u015fam At\u00f6lyesi, kad\u0131nlar\u0131n hizmetine a\u00e7\u0131ld\u0131. Kad\u0131nlar\u0131n sosyal, k\u00fclt\u00fcrel ve mesleki geli\u015fimlerine katk\u0131 sa\u011flamay\u0131 ama\u00e7layan merkezde, bir\u00e7ok farkl\u0131 alanda \u00fccretsiz e\u011fitimler verilmeye ba\u015fland\u0131.<\/p>\n<p>Ayd\u0131n B\u00fcy\u00fck\u015fehir Belediyesi\u2019nin kad\u0131n odakl\u0131 sosyal projeleri aras\u0131nda yer alan Kad\u0131n Ya\u015fam At\u00f6lyesi\u2019nde; seramik, pilates, makyaj, protez t\u0131rnak, ipek kirpik, diki\u015f, \u00f6rg\u00fc, punch, a\u015f\u00e7\u0131l\u0131k, pastac\u0131l\u0131k ve ah\u015fap boyama alanlar\u0131nda e\u011fitimler d\u00fczenleniyor. Alan\u0131nda uzman e\u011fitmenler taraf\u0131ndan verilen e\u011fitimlerle kad\u0131nlar\u0131n hem ki\u015fisel becerilerini geli\u015ftirmeleri hem de mesleki anlamda donan\u0131m kazanmalar\u0131 hedefleniyor. Merkezde ayr\u0131ca kad\u0131nlara y\u00f6nelik psikolojik dan\u0131\u015fmanl\u0131k hizmeti de sunuluyor.<\/p>\n<p>Ayd\u0131n B\u00fcy\u00fck\u015fehir Belediye Ba\u015fkan\u0131 \u00d6zlem \u00c7er\u00e7io\u011flu, kad\u0131nlara y\u00f6nelik hizmetlerin artarak devam edece\u011fini belirterek, &#8220;Kad\u0131nlar\u0131n ya\u015fam\u0131n her alan\u0131nda daha g\u00fc\u00e7l\u00fc bireyler olarak yer alabilmeleri i\u00e7in \u00e7al\u0131\u015fmalar\u0131m\u0131z\u0131 s\u00fcrd\u00fcr\u00fcyoruz. Kad\u0131n Ya\u015fam At\u00f6lyesi de bu anlay\u0131\u015f\u0131m\u0131z\u0131n bir par\u00e7as\u0131. Hem\u015fehrilerimiz i\u00e7in \u00e7al\u0131\u015fmaya, hizmetlerimizi hayata ge\u00e7irmeye devam edece\u011fiz&#8221; ifadelerini kulland\u0131.<br \/><\/p>\n","protected":false},"excerpt":{"rendered":"<p>Ayd\u0131n B\u00fcy\u00fck\u015fehir Belediyesi taraf\u0131ndan hayata ge\u00e7irilen Kad\u0131n Ya\u015fam At\u00f6lyesi kap\u0131lar\u0131n\u0131 a\u00e7arken, B\u00fcy\u00fck\u015fehir Belediye Ba\u015fkan\u0131 \u00d6zlem \u00c7er\u00e7io\u011flu; &#8220;Kad\u0131nlar\u0131n ya\u015fam\u0131n her alan\u0131nda yer alabilmeleri i\u00e7in \u00e7al\u0131\u015fmalar\u0131m\u0131z\u0131 s\u00fcrd\u00fcr\u00fcyoruz&#8221; dedi. Ayd\u0131n B\u00fcy\u00fck\u015fehir Belediye Ba\u015fkan\u0131 \u00d6zlem \u00c7er\u00e7io\u011flu, kad\u0131nlar\u0131n sosyal ve ekonomik ya\u015famda daha g\u00fc\u00e7l\u00fc bir \u015fekilde yer alabilmeleri i\u00e7in \u00e7al\u0131\u015fmalar\u0131n\u0131 s\u00fcrd\u00fcr\u00fcyor. Ayd\u0131n B\u00fcy\u00fck\u015fehir Belediyesi taraf\u0131ndan hayata ge\u00e7irilen Kad\u0131n Ya\u015fam At\u00f6lyesi,&#8230;<\/p>\n","protected":false},"author":1,"featured_media":74384,"comment_status":"open","ping_status":"open","sticky":false,"template":"","format":"standard","meta":{"_crdt_document":"","footnotes":""},"categories":[1],"tags":[],"class_list":["post-74383","post","type-post","status-publish","format-standard","has-post-thumbnail","hentry","category-guncel"],"_links":{"self":[{"href":"https:\/\/www.egemtv.com\/index.php?rest_route=\/wp\/v2\/posts\/74383","targetHints":{"allow":["GET"]}}],"collection":[{"href":"https:\/\/www.egemtv.com\/index.php?rest_route=\/wp\/v2\/posts"}],"about":[{"href":"https:\/\/www.egemtv.com\/index.php?rest_route=\/wp\/v2\/types\/post"}],"author":[{"embeddable":true,"href":"https:\/\/www.egemtv.com\/index.php?rest_route=\/wp\/v2\/users\/1"}],"replies":[{"embeddable":true,"href":"https:\/\/www.egemtv.com\/index.php?rest_route=%2Fwp%2Fv2%2Fcomments&post=74383"}],"version-history":[{"count":1,"href":"https:\/\/www.egemtv.com\/index.php?rest_route=\/wp\/v2\/posts\/74383\/revisions"}],"predecessor-version":[{"id":74385,"href":"https:\/\/www.egemtv.com\/index.php?rest_route=\/wp\/v2\/posts\/74383\/revisions\/74385"}],"wp:featuredmedia":[{"embeddable":true,"href":"https:\/\/www.egemtv.com\/index.php?rest_route=\/wp\/v2\/media\/74384"}],"wp:attachment":[{"href":"https:\/\/www.egemtv.com\/index.php?rest_route=%2Fwp%2Fv2%2Fmedia&parent=74383"}],"wp:term":[{"taxonomy":"category","embeddable":true,"href":"https:\/\/www.egemtv.com\/index.php?rest_route=%2Fwp%2Fv2%2Fcategories&post=74383"},{"taxonomy":"post_tag","embeddable":true,"href":"https:\/\/www.egemtv.com\/index.php?rest_route=%2Fwp%2Fv2%2Ftags&post=74383"}],"curies":[{"name":"wp","href":"https:\/\/api.w.org\/{rel}","templated":true}]}}