{"id":7438,"date":"2025-01-13T10:37:41","date_gmt":"2025-01-13T07:37:41","guid":{"rendered":"https:\/\/www.egemtv.com\/?p=7438"},"modified":"2025-01-13T10:37:51","modified_gmt":"2025-01-13T07:37:51","slug":"kaymakam-ates-ogrencilerle-bir-araya-geldi","status":"publish","type":"post","link":"https:\/\/www.egemtv.com\/?p=7438","title":{"rendered":"Kaymakam Ate\u015f \u00f6\u011frencilerle bir araya geldi"},"content":{"rendered":"<p>Sultanhisar Kaymakam\u0131 Ali Ekber Ate\u015f, At\u00e7a Atat\u00fcrk \u0130lkokulu\u2019nu ziyaret ederek okulun \u00f6\u011frencileriyle bir araya gelip Ak\u0131l ve Zeka Oyunlar\u0131 Turnuvas\u0131\u2019na kat\u0131lan \u00f6\u011frencilere ba\u015far\u0131lar diledi.<\/p>\n<p>Sultanhisar Kaymakam\u0131 Ali Ekber Ate\u015f, \u00f6\u011fretmenleri ve \u00f6\u011frencileri ziyaret etmeye devam ediyor. Bu kapsamda Kaymakam Ate\u015f son olarak \u0130l\u00e7e Milli E\u011fitim M\u00fcd\u00fcr\u00fc Erdin\u00e7 G\u00fcner ile birlikte At\u00e7a Atat\u00fcrk \u0130lkokulu\u2019nu ziyaret etti. Okulun genel durumu hakk\u0131nda bilgi alan Kaymakam Ate\u015f, \u00f6\u011fretmenlerle de g\u00f6r\u00fc\u015ferek e\u011fitim-\u00f6\u011fretim s\u00fcre\u00e7leri hakk\u0131nda sohbet etti. Ziyaret s\u0131ras\u0131nda \u00f6\u011frencilerle de bir araya gelen Kaymakam Ate\u015f, onlara iyi bir gelecek i\u00e7in e\u011fitimlerine \u00f6nem vermeleri gerekti\u011fini belirterek e\u011fitim hayatlar\u0131nda ba\u015far\u0131lar diledi.<\/p>\n<p>E\u011fitimin her \u015feyin temeli oldu\u011funu belirten Sultanhisar Kaymakam\u0131 Ali Ekber Ate\u015f, &#8220;De\u011ferli \u00f6\u011fretmenlerimiz ve sevgili \u00f6\u011frencilerimizle bir araya gelmekten b\u00fcy\u00fck mutluluk duyuyorum. E\u011fitim her \u015feyin temelidir ve \u00f6\u011frencilerimiz bu \u00fclkenin gelece\u011fi i\u00e7in \u00e7ok k\u0131ymetli birer bireydir. Hepsinin ba\u015far\u0131l\u0131 olaca\u011f\u0131na y\u00fcrekten inan\u0131yorum. \u00d6\u011frencilerimize ba\u015far\u0131lar diliyor, \u00f6\u011fretmenlerimize ise emeklerinden dolay\u0131 te\u015fekk\u00fcr ediyorum&#8221; dedi.<br \/>\n<br \/><img fetchpriority=\"high\" decoding=\"async\" width=\"1280\" height=\"853\" src=\"https:\/\/www.egemtv.com\/wp-content\/uploads\/2025\/01\/kaymakam-ates-ogrencilerle-bir-araya-geldi_79f2a4185df8.jpg\" class=\"attachment-full size-full not-transparent\" alt=\"\" data-has-transparency=\"false\" data-dominant-color=\"7f7675\" style=\"--dominant-color: #7f7675\" \/><img decoding=\"async\" width=\"1280\" height=\"853\" src=\"https:\/\/www.egemtv.com\/wp-content\/uploads\/2025\/01\/kaymakam-ates-ogrencilerle-bir-araya-geldi_41c7cad3f2ab.jpg\" class=\"attachment-full size-full not-transparent\" alt=\"\" data-has-transparency=\"false\" data-dominant-color=\"59534d\" style=\"--dominant-color: #59534d\" \/><img decoding=\"async\" width=\"1280\" height=\"853\" src=\"https:\/\/www.egemtv.com\/wp-content\/uploads\/2025\/01\/kaymakam-ates-ogrencilerle-bir-araya-geldi_63a9758cd5de.jpg\" class=\"attachment-full size-full not-transparent\" alt=\"\" data-has-transparency=\"false\" data-dominant-color=\"59524d\" style=\"--dominant-color: #59524d\" \/><img loading=\"lazy\" decoding=\"async\" width=\"1280\" height=\"853\" src=\"https:\/\/www.egemtv.com\/wp-content\/uploads\/2025\/01\/kaymakam-ates-ogrencilerle-bir-araya-geldi_c35c1f2ca744.jpg\" class=\"attachment-full size-full not-transparent\" alt=\"\" data-has-transparency=\"false\" data-dominant-color=\"7e6d63\" style=\"--dominant-color: #7e6d63\" \/><img loading=\"lazy\" decoding=\"async\" width=\"1280\" height=\"853\" src=\"https:\/\/www.egemtv.com\/wp-content\/uploads\/2025\/01\/kaymakam-ates-ogrencilerle-bir-araya-geldi_3778e5568166.jpg\" class=\"attachment-full size-full not-transparent\" alt=\"\" data-has-transparency=\"false\" data-dominant-color=\"716c64\" style=\"--dominant-color: #716c64\" \/><img loading=\"lazy\" decoding=\"async\" width=\"1280\" height=\"853\" src=\"https:\/\/www.egemtv.com\/wp-content\/uploads\/2025\/01\/kaymakam-ates-ogrencilerle-bir-araya-geldi_19a411e445a4.jpg\" class=\"attachment-full size-full not-transparent\" alt=\"\" data-has-transparency=\"false\" data-dominant-color=\"746f69\" style=\"--dominant-color: #746f69\" \/><\/p>\n","protected":false},"excerpt":{"rendered":"<p>Sultanhisar Kaymakam\u0131 Ali Ekber Ate\u015f, At\u00e7a Atat\u00fcrk \u0130lkokulu\u2019nu ziyaret ederek okulun \u00f6\u011frencileriyle bir araya gelip Ak\u0131l ve Zeka Oyunlar\u0131 Turnuvas\u0131\u2019na kat\u0131lan \u00f6\u011frencilere ba\u015far\u0131lar diledi. Sultanhisar Kaymakam\u0131 Ali Ekber Ate\u015f, \u00f6\u011fretmenleri ve \u00f6\u011frencileri ziyaret etmeye devam ediyor. Bu kapsamda Kaymakam Ate\u015f son olarak \u0130l\u00e7e Milli E\u011fitim M\u00fcd\u00fcr\u00fc Erdin\u00e7 G\u00fcner ile birlikte At\u00e7a Atat\u00fcrk \u0130lkokulu\u2019nu ziyaret etti&#8230;.<\/p>\n","protected":false},"author":1,"featured_media":7442,"comment_status":"open","ping_status":"open","sticky":false,"template":"","format":"standard","meta":{"_crdt_document":"","footnotes":""},"categories":[1],"tags":[],"class_list":["post-7438","post","type-post","status-publish","format-standard","has-post-thumbnail","hentry","category-guncel"],"_links":{"self":[{"href":"https:\/\/www.egemtv.com\/index.php?rest_route=\/wp\/v2\/posts\/7438","targetHints":{"allow":["GET"]}}],"collection":[{"href":"https:\/\/www.egemtv.com\/index.php?rest_route=\/wp\/v2\/posts"}],"about":[{"href":"https:\/\/www.egemtv.com\/index.php?rest_route=\/wp\/v2\/types\/post"}],"author":[{"embeddable":true,"href":"https:\/\/www.egemtv.com\/index.php?rest_route=\/wp\/v2\/users\/1"}],"replies":[{"embeddable":true,"href":"https:\/\/www.egemtv.com\/index.php?rest_route=%2Fwp%2Fv2%2Fcomments&post=7438"}],"version-history":[{"count":1,"href":"https:\/\/www.egemtv.com\/index.php?rest_route=\/wp\/v2\/posts\/7438\/revisions"}],"predecessor-version":[{"id":7449,"href":"https:\/\/www.egemtv.com\/index.php?rest_route=\/wp\/v2\/posts\/7438\/revisions\/7449"}],"wp:featuredmedia":[{"embeddable":true,"href":"https:\/\/www.egemtv.com\/index.php?rest_route=\/wp\/v2\/media\/7442"}],"wp:attachment":[{"href":"https:\/\/www.egemtv.com\/index.php?rest_route=%2Fwp%2Fv2%2Fmedia&parent=7438"}],"wp:term":[{"taxonomy":"category","embeddable":true,"href":"https:\/\/www.egemtv.com\/index.php?rest_route=%2Fwp%2Fv2%2Fcategories&post=7438"},{"taxonomy":"post_tag","embeddable":true,"href":"https:\/\/www.egemtv.com\/index.php?rest_route=%2Fwp%2Fv2%2Ftags&post=7438"}],"curies":[{"name":"wp","href":"https:\/\/api.w.org\/{rel}","templated":true}]}}