{"id":7431,"date":"2025-01-13T10:21:05","date_gmt":"2025-01-13T07:21:05","guid":{"rendered":"https:\/\/www.egemtv.com\/?p=7431"},"modified":"2025-01-13T10:21:06","modified_gmt":"2025-01-13T07:21:06","slug":"kutahyada-durdurulan-2-aracta-uyusturucu-ele-gecirildi-3-kisi-tutuklandi","status":"publish","type":"post","link":"https:\/\/www.egemtv.com\/?p=7431","title":{"rendered":"K\u00fctahya\u2019da durdurulan 2 ara\u00e7ta uyu\u015fturucu ele ge\u00e7irildi: 3 ki\u015fi tutukland\u0131"},"content":{"rendered":"<p>K\u00fctahya\u2019da uygulama noktas\u0131nda durdurulan 2 ara\u00e7ta 5 kilo 780 gram esrar ele ge\u00e7irilirken, olayla ilgili 3 ki\u015fi tutukland\u0131.<br \/>\n<br \/>\u0130l Emniyet M\u00fcd\u00fcrl\u00fc\u011f\u00fc Narkotik Su\u00e7larla M\u00fccadele \u015eube M\u00fcd\u00fcrl\u00fc\u011f\u00fc ekiplerince uygulama noktas\u0131nda durdurulan iki arac\u0131n ve M.N, F.\u00c7 ve H.\u00c7 isimli \u015fah\u0131slar\u0131n yap\u0131lan kontrollerinde, 17 par\u00e7a halinde, toplam 5 kilo 780 gram esrar ele ge\u00e7irildi. G\u00f6zalt\u0131na al\u0131nan 3 \u015f\u00fcpheli emniyetteki i\u015flemlerinin ard\u0131ndan \u00e7\u0131kar\u0131ld\u0131klar\u0131 mahkemece tutukland\u0131.<br \/><\/p>\n","protected":false},"excerpt":{"rendered":"<p>K\u00fctahya\u2019da uygulama noktas\u0131nda durdurulan 2 ara\u00e7ta 5 kilo 780 gram esrar ele ge\u00e7irilirken, olayla ilgili 3 ki\u015fi tutukland\u0131. \u0130l Emniyet M\u00fcd\u00fcrl\u00fc\u011f\u00fc Narkotik Su\u00e7larla M\u00fccadele \u015eube M\u00fcd\u00fcrl\u00fc\u011f\u00fc ekiplerince uygulama noktas\u0131nda durdurulan iki arac\u0131n ve M.N, F.\u00c7 ve H.\u00c7 isimli \u015fah\u0131slar\u0131n yap\u0131lan kontrollerinde, 17 par\u00e7a halinde, toplam 5 kilo 780 gram esrar ele ge\u00e7irildi. G\u00f6zalt\u0131na al\u0131nan 3&#8230;<\/p>\n","protected":false},"author":1,"featured_media":7432,"comment_status":"open","ping_status":"open","sticky":false,"template":"","format":"standard","meta":{"_crdt_document":"","footnotes":""},"categories":[5],"tags":[],"class_list":["post-7431","post","type-post","status-publish","format-standard","has-post-thumbnail","hentry","category-asayis"],"_links":{"self":[{"href":"https:\/\/www.egemtv.com\/index.php?rest_route=\/wp\/v2\/posts\/7431","targetHints":{"allow":["GET"]}}],"collection":[{"href":"https:\/\/www.egemtv.com\/index.php?rest_route=\/wp\/v2\/posts"}],"about":[{"href":"https:\/\/www.egemtv.com\/index.php?rest_route=\/wp\/v2\/types\/post"}],"author":[{"embeddable":true,"href":"https:\/\/www.egemtv.com\/index.php?rest_route=\/wp\/v2\/users\/1"}],"replies":[{"embeddable":true,"href":"https:\/\/www.egemtv.com\/index.php?rest_route=%2Fwp%2Fv2%2Fcomments&post=7431"}],"version-history":[{"count":1,"href":"https:\/\/www.egemtv.com\/index.php?rest_route=\/wp\/v2\/posts\/7431\/revisions"}],"predecessor-version":[{"id":7433,"href":"https:\/\/www.egemtv.com\/index.php?rest_route=\/wp\/v2\/posts\/7431\/revisions\/7433"}],"wp:featuredmedia":[{"embeddable":true,"href":"https:\/\/www.egemtv.com\/index.php?rest_route=\/wp\/v2\/media\/7432"}],"wp:attachment":[{"href":"https:\/\/www.egemtv.com\/index.php?rest_route=%2Fwp%2Fv2%2Fmedia&parent=7431"}],"wp:term":[{"taxonomy":"category","embeddable":true,"href":"https:\/\/www.egemtv.com\/index.php?rest_route=%2Fwp%2Fv2%2Fcategories&post=7431"},{"taxonomy":"post_tag","embeddable":true,"href":"https:\/\/www.egemtv.com\/index.php?rest_route=%2Fwp%2Fv2%2Ftags&post=7431"}],"curies":[{"name":"wp","href":"https:\/\/api.w.org\/{rel}","templated":true}]}}