{"id":74269,"date":"2025-12-15T11:15:02","date_gmt":"2025-12-15T08:15:02","guid":{"rendered":"https:\/\/www.egemtv.com\/?p=74269"},"modified":"2025-12-15T11:15:02","modified_gmt":"2025-12-15T08:15:02","slug":"baskan-kepenek-hemsehrilerimizin-yasam-alanlarini-guzellestirmek-icin-calismaya-devam-ediyoruz","status":"publish","type":"post","link":"https:\/\/www.egemtv.com\/?p=74269","title":{"rendered":"Ba\u015fkan Kepenek; &#8220;Hem\u015fehrilerimizin ya\u015fam alanlar\u0131n\u0131 g\u00fczelle\u015ftirmek i\u00e7in \u00e7al\u0131\u015fmaya devam ediyoruz&#8221;"},"content":{"rendered":"<p>Honaz Belediyesi il\u00e7edeki mahallerin de \u00e7evre d\u00fczenleme \u00e7al\u0131\u015fmalar\u0131 kapsam\u0131nda \u00e7al\u0131\u015fmalar\u0131n\u0131 h\u0131z kesmeden devam ediyor. Emirazizli Mahallesinin g\u00fcvenli\u011fi ve estetik g\u00f6r\u00fcn\u00fcm\u00fc i\u00e7in \u00e7al\u0131\u015fmalar\u0131n devam edece\u011fini ifade eden Honaz Belediye Ba\u015fkan\u0131 Kepenek; &#8220;Hem\u015fehrilerimizin ya\u015fam alanlar\u0131n\u0131 g\u00fczelle\u015ftirmek i\u00e7in \u00e7al\u0131\u015fmaya devam ediyoruz&#8221; dedi.<\/p>\n<p>Denizli Honaz il\u00e7esi Emirazizli Mahallesi\u2019de \u00e7evre d\u00fczenleme \u00e7al\u0131\u015fmalar\u0131 t\u00fcm h\u0131z\u0131yla devam ediyor. Honaz Belediyesi Taraf\u0131ndan devam eden \u00e7al\u0131\u015fmalar kapsam\u0131nda, ta\u015f duvar imalat\u0131n\u0131n b\u00fcy\u00fck bir b\u00f6l\u00fcm\u00fcn\u00fc tamamland\u0131.  \u00c7al\u0131\u015fmalar\u0131n h\u0131z kesmeden devam edece\u011fini belirten Honaz Belediye Ba\u015fkan\u0131 Y\u00fcksel Kepenek; &#8220;Mahallemizin g\u00fcvenli\u011fi ve estetik g\u00f6r\u00fcn\u00fcm\u00fc i\u00e7in \u00f6nemli olan bu \u00e7al\u0131\u015fmay\u0131 en k\u0131sa s\u00fcrede tamamlayarak Emirazizli\u2019ye daha d\u00fczenli ve dayan\u0131kl\u0131 bir \u00e7evre kazand\u0131rmay\u0131 hedefliyoruz. Hem\u015fehrilerimizin ya\u015fam alanlar\u0131n\u0131 g\u00fczelle\u015ftirmek i\u00e7in \u00e7al\u0131\u015fmaya devam ediyoruz&#8221; diye konu\u015ftu.<br \/><\/p>\n","protected":false},"excerpt":{"rendered":"<p>Honaz Belediyesi il\u00e7edeki mahallerin de \u00e7evre d\u00fczenleme \u00e7al\u0131\u015fmalar\u0131 kapsam\u0131nda \u00e7al\u0131\u015fmalar\u0131n\u0131 h\u0131z kesmeden devam ediyor. Emirazizli Mahallesinin g\u00fcvenli\u011fi ve estetik g\u00f6r\u00fcn\u00fcm\u00fc i\u00e7in \u00e7al\u0131\u015fmalar\u0131n devam edece\u011fini ifade eden Honaz Belediye Ba\u015fkan\u0131 Kepenek; &#8220;Hem\u015fehrilerimizin ya\u015fam alanlar\u0131n\u0131 g\u00fczelle\u015ftirmek i\u00e7in \u00e7al\u0131\u015fmaya devam ediyoruz&#8221; dedi. Denizli Honaz il\u00e7esi Emirazizli Mahallesi\u2019de \u00e7evre d\u00fczenleme \u00e7al\u0131\u015fmalar\u0131 t\u00fcm h\u0131z\u0131yla devam ediyor. Honaz Belediyesi Taraf\u0131ndan devam&#8230;<\/p>\n","protected":false},"author":1,"featured_media":74270,"comment_status":"open","ping_status":"open","sticky":false,"template":"","format":"standard","meta":{"_crdt_document":"","footnotes":""},"categories":[123],"tags":[],"class_list":["post-74269","post","type-post","status-publish","format-standard","has-post-thumbnail","hentry","category-gundem"],"_links":{"self":[{"href":"https:\/\/www.egemtv.com\/index.php?rest_route=\/wp\/v2\/posts\/74269","targetHints":{"allow":["GET"]}}],"collection":[{"href":"https:\/\/www.egemtv.com\/index.php?rest_route=\/wp\/v2\/posts"}],"about":[{"href":"https:\/\/www.egemtv.com\/index.php?rest_route=\/wp\/v2\/types\/post"}],"author":[{"embeddable":true,"href":"https:\/\/www.egemtv.com\/index.php?rest_route=\/wp\/v2\/users\/1"}],"replies":[{"embeddable":true,"href":"https:\/\/www.egemtv.com\/index.php?rest_route=%2Fwp%2Fv2%2Fcomments&post=74269"}],"version-history":[{"count":1,"href":"https:\/\/www.egemtv.com\/index.php?rest_route=\/wp\/v2\/posts\/74269\/revisions"}],"predecessor-version":[{"id":74271,"href":"https:\/\/www.egemtv.com\/index.php?rest_route=\/wp\/v2\/posts\/74269\/revisions\/74271"}],"wp:featuredmedia":[{"embeddable":true,"href":"https:\/\/www.egemtv.com\/index.php?rest_route=\/wp\/v2\/media\/74270"}],"wp:attachment":[{"href":"https:\/\/www.egemtv.com\/index.php?rest_route=%2Fwp%2Fv2%2Fmedia&parent=74269"}],"wp:term":[{"taxonomy":"category","embeddable":true,"href":"https:\/\/www.egemtv.com\/index.php?rest_route=%2Fwp%2Fv2%2Fcategories&post=74269"},{"taxonomy":"post_tag","embeddable":true,"href":"https:\/\/www.egemtv.com\/index.php?rest_route=%2Fwp%2Fv2%2Ftags&post=74269"}],"curies":[{"name":"wp","href":"https:\/\/api.w.org\/{rel}","templated":true}]}}