{"id":74266,"date":"2025-12-15T10:55:02","date_gmt":"2025-12-15T07:55:02","guid":{"rendered":"https:\/\/www.egemtv.com\/?p=74266"},"modified":"2025-12-15T10:55:03","modified_gmt":"2025-12-15T07:55:03","slug":"okul-sporlari-voleybol-gencler-il-birinciligi-musabakalari-tamamlandi","status":"publish","type":"post","link":"https:\/\/www.egemtv.com\/?p=74266","title":{"rendered":"Okul Sporlar\u0131 Voleybol Gen\u00e7ler \u0130l Birincili\u011fi m\u00fcsabakalar\u0131 tamamland\u0131"},"content":{"rendered":"<p>Manisa Gen\u00e7lik ve Spor \u0130l M\u00fcd\u00fcrl\u00fc\u011f\u00fc taraf\u0131ndan d\u00fczenlenen 2025-2026 Sezonu Okul Sporlar\u0131 Voleybol Gen\u00e7ler K\u0131z ve Erkekler \u0130l Birincili\u011fi M\u00fcsabakalar\u0131, Atat\u00fcrk Spor Salonu\u2019nda oynanan final kar\u015f\u0131la\u015fmalar\u0131yla sona erdi.<br \/>\n<br \/>B\u00fcy\u00fck bir heyecana ve \u00e7eki\u015fmeye sahne olan m\u00fcsabakalarda, hem gen\u00e7 k\u0131zlar hem de gen\u00e7 erkekler kategorilerinde sporcular \u00fcst\u00fcn performanslar\u0131yla izleyenlerden alk\u0131\u015f ald\u0131.<br \/>\n<br \/>Gen\u00e7 K\u0131zlar \u0130l Birincili\u011fi final ma\u00e7\u0131nda Salihli Ahmet Yesevi Mesleki ve Teknik Anadolu Lisesi, Akhisar Zeynep G\u00fclin \u00d6ng\u00f6r K\u0131z Mesleki ve Teknik Anadolu Lisesi\u2019ni 3-0 ma\u011flup ederek il birincisi oldu. Akhisar Zeynep G\u00fclin \u00d6ng\u00f6r K\u0131z MTAL ikincili\u011fi elde ederken, Manisa Spor Lisesi \u00fc\u00e7\u00fcnc\u00fc, Manisa Lisesi ise d\u00f6rd\u00fcnc\u00fc s\u0131rada yer ald\u0131.<br \/>\n<br \/>Gen\u00e7 Erkekler \u0130l Birincili\u011fi finalinde ise Akhisar Aliya \u0130zzetbegovi\u00e7 Mesleki ve Teknik Anadolu Lisesi, nefes kesen m\u00fccadelede Turgutlu Hasan Ferdi Turgutlu Mesleki ve Teknik Anadolu Lisesi\u2019ni 3-2\u2019lik skorla ma\u011flup ederek \u015fampiyonlu\u011fa ula\u015ft\u0131. Turgutlu Hasan Ferdi Turgutlu MTAL ikinci olurken, Manisa Organize Sanayi B\u00f6lgesi Mesleki ve Teknik Anadolu Lisesi \u00fc\u00e7\u00fcnc\u00fc, Salihli \u015eehit Mustafa Serin Anadolu \u0130mam Hatip Lisesi d\u00f6rd\u00fcnc\u00fc oldu.<br \/>\n<br \/>\u0130l birincisi olan tak\u0131mlar, Manisa\u2019y\u0131 b\u00f6lge \u015fampiyonas\u0131nda temsil etme hakk\u0131 kazand\u0131.<br \/>\n<br \/>M\u00fcsabakalar\u0131n ard\u0131ndan dereceye giren tak\u0131mlara madalya ve kupalar\u0131, Okul Sporlar\u0131 \u015eube M\u00fcd\u00fcr\u00fc Fatih Umut Alt\u0131n\u0131\u015f\u0131k, Turgutlu Hasan Ferdi Turgutlu Mesleki ve Teknik Anadolu Lisesi Okul M\u00fcd\u00fcr\u00fc Murat Mehmet G\u00fcler, Voleybol \u0130l Temsilcisi Volkan Din\u00e7er ve Okul Sporlar\u0131 \u0130l Tertip Komitesi \u00fcyeleri taraf\u0131ndan takdim edildi.<br \/><\/p>\n","protected":false},"excerpt":{"rendered":"<p>Manisa Gen\u00e7lik ve Spor \u0130l M\u00fcd\u00fcrl\u00fc\u011f\u00fc taraf\u0131ndan d\u00fczenlenen 2025-2026 Sezonu Okul Sporlar\u0131 Voleybol Gen\u00e7ler K\u0131z ve Erkekler \u0130l Birincili\u011fi M\u00fcsabakalar\u0131, Atat\u00fcrk Spor Salonu\u2019nda oynanan final kar\u015f\u0131la\u015fmalar\u0131yla sona erdi. B\u00fcy\u00fck bir heyecana ve \u00e7eki\u015fmeye sahne olan m\u00fcsabakalarda, hem gen\u00e7 k\u0131zlar hem de gen\u00e7 erkekler kategorilerinde sporcular \u00fcst\u00fcn performanslar\u0131yla izleyenlerden alk\u0131\u015f ald\u0131. Gen\u00e7 K\u0131zlar \u0130l Birincili\u011fi final&#8230;<\/p>\n","protected":false},"author":1,"featured_media":74267,"comment_status":"open","ping_status":"open","sticky":false,"template":"","format":"standard","meta":{"_crdt_document":"","footnotes":""},"categories":[4],"tags":[],"class_list":["post-74266","post","type-post","status-publish","format-standard","has-post-thumbnail","hentry","category-spor"],"_links":{"self":[{"href":"https:\/\/www.egemtv.com\/index.php?rest_route=\/wp\/v2\/posts\/74266","targetHints":{"allow":["GET"]}}],"collection":[{"href":"https:\/\/www.egemtv.com\/index.php?rest_route=\/wp\/v2\/posts"}],"about":[{"href":"https:\/\/www.egemtv.com\/index.php?rest_route=\/wp\/v2\/types\/post"}],"author":[{"embeddable":true,"href":"https:\/\/www.egemtv.com\/index.php?rest_route=\/wp\/v2\/users\/1"}],"replies":[{"embeddable":true,"href":"https:\/\/www.egemtv.com\/index.php?rest_route=%2Fwp%2Fv2%2Fcomments&post=74266"}],"version-history":[{"count":1,"href":"https:\/\/www.egemtv.com\/index.php?rest_route=\/wp\/v2\/posts\/74266\/revisions"}],"predecessor-version":[{"id":74268,"href":"https:\/\/www.egemtv.com\/index.php?rest_route=\/wp\/v2\/posts\/74266\/revisions\/74268"}],"wp:featuredmedia":[{"embeddable":true,"href":"https:\/\/www.egemtv.com\/index.php?rest_route=\/wp\/v2\/media\/74267"}],"wp:attachment":[{"href":"https:\/\/www.egemtv.com\/index.php?rest_route=%2Fwp%2Fv2%2Fmedia&parent=74266"}],"wp:term":[{"taxonomy":"category","embeddable":true,"href":"https:\/\/www.egemtv.com\/index.php?rest_route=%2Fwp%2Fv2%2Fcategories&post=74266"},{"taxonomy":"post_tag","embeddable":true,"href":"https:\/\/www.egemtv.com\/index.php?rest_route=%2Fwp%2Fv2%2Ftags&post=74266"}],"curies":[{"name":"wp","href":"https:\/\/api.w.org\/{rel}","templated":true}]}}