{"id":7426,"date":"2025-01-13T10:20:59","date_gmt":"2025-01-13T07:20:59","guid":{"rendered":"https:\/\/www.egemtv.com\/?p=7426"},"modified":"2025-01-13T10:21:04","modified_gmt":"2025-01-13T07:21:04","slug":"bayrakli-belediyesi-yasli-destek-hatti-kurdu","status":"publish","type":"post","link":"https:\/\/www.egemtv.com\/?p=7426","title":{"rendered":"Bayrakl\u0131 Belediyesi \u2018ya\u015fl\u0131 destek hatt\u0131\u2019 kurdu"},"content":{"rendered":"<p>\u0130htiya\u00e7 sahibi vatanda\u015flara y\u00f6nelik sosyal destek \u00e7al\u0131\u015fmalar\u0131yla dikkat \u00e7eken Bayrakl\u0131 Belediyesi, 65 ya\u015f ve \u00fczeri vatanda\u015flar\u0131n ya\u015fam kalitesini art\u0131rmak amac\u0131yla anlaml\u0131 bir projeye daha imza att\u0131. Ba\u015fkan \u0130rfan \u00d6nal\u2019\u0131n talimat\u0131yla, daha \u00f6nce ya\u015fl\u0131lara evlerinde sa\u011fl\u0131k, kuaf\u00f6r ve k\u00fc\u00e7\u00fck tamirat hizmetleri sunulurken, \u015fimdi de engelli ve kendi ihtiyac\u0131n\u0131 kar\u015f\u0131layamayan 65 ya\u015f \u00fczerindeki hasta ve yatalak vatanda\u015flar i\u00e7in &#8220;Ya\u015fl\u0131 Destek Hatt\u0131&#8221; kuruldu. Buna g\u00f6re il\u00e7e genelindeki 65 ya\u015f \u00fcst\u00fc vatanda\u015flar telefonla aranarak, talepler ve imkanlar do\u011frultusunda destek sa\u011flan\u0131yor.<br \/>\n<br \/>Ya\u015fl\u0131lar\u0131n ihtiya\u00e7lar\u0131na duyarl\u0131l\u0131\u011f\u0131yla \u00f6ne \u00e7\u0131kan Bayrakl\u0131 Belediyesi Sosyal Yard\u0131m \u0130\u015fleri M\u00fcd\u00fcrl\u00fc\u011f\u00fc, 65 ya\u015f ve \u00fczeri vatanda\u015flar\u0131n hayat\u0131n\u0131 kolayla\u015ft\u0131rmak i\u00e7in \u201dYa\u015fl\u0131 destek hatt\u0131\u201d kurdu. Daha \u00f6nce Sa\u011fl\u0131k \u0130\u015fleri M\u00fcd\u00fcrl\u00fc\u011f\u00fc ile evde sa\u011fl\u0131k hizmetleri Sosyal Yard\u0131m \u0130\u015fleri M\u00fcd\u00fcrl\u00fc\u011f\u00fc ile kuaf\u00f6r hizmetleri sunan belediye, \u015fimdi de &#8220;Ya\u015fl\u0131 Destek Hatt\u0131&#8221; ile hasta, yatalak ve engelli vatanda\u015flar\u0131n yan\u0131nda olmay\u0131 s\u00fcrd\u00fcrecek. Daha fazla ki\u015fiye ula\u015fmak amac\u0131yla ba\u015flanan proje kapsam\u0131nda, 65 ya\u015f \u00fcst\u00fc vatanda\u015flar tek tek telefonla aranacak, istek ve taleplerine h\u0131zla yan\u0131t verilecek. Belediye ekipleri, evde sa\u011fl\u0131k ve kuaf\u00f6r hizmetlerini s\u00fcrd\u00fcr\u00fcrken, sa\u011fl\u0131k kurulu\u015flar\u0131 ve di\u011fer resmi kurumlardaki i\u015flemler i\u00e7in ula\u015f\u0131m deste\u011fi sa\u011flayacak. Ayr\u0131ca, gereken durumlarda evlerin k\u00fc\u00e7\u00fck onar\u0131m\u0131 ve bak\u0131m\u0131 Fen \u0130\u015fleri M\u00fcd\u00fcrl\u00fc\u011f\u00fc taraf\u0131ndan yap\u0131lacak. Destek hatt\u0131ndan yararlanmak isteyenler, 477 20 00 numaral\u0131 telefondan, dahili 2706 ve 2809\u2019u tu\u015flayarak Bayrakl\u0131 Belediyesi Sosyal Yard\u0131m \u0130\u015fleri M\u00fcd\u00fcrl\u00fc\u011f\u00fc\u2019nden bilgi alabilecek.<br \/>\n<br \/>Bayrakl\u0131 Belediye Ba\u015fkan\u0131 \u0130rfan \u00d6nal, \u201cB\u00fcy\u00fcklerimize olan sorumlulu\u011fumuzun fark\u0131nday\u0131z. Bayrakl\u0131da aile olman\u0131n bilincini en iyi \u015fekilde hizmete d\u00f6n\u00fc\u015ft\u00fcrme noktas\u0131nda \u00fczerimize d\u00fc\u015feni yapmaya devam ediyoruz. Tecr\u00fcbeleriyle bize yol g\u00f6steren, 65 ya\u015f ve \u00fczeri, kendi ihtiya\u00e7lar\u0131n\u0131 kar\u015f\u0131layamayan hasta, yatalak ve engelli vatanda\u015flar\u0131m\u0131z\u0131 yaln\u0131z b\u0131rakm\u0131yoruz. \u0130mkanlar\u0131m\u0131z dahilinde onlara destek olmaya devam ederken, moral ve motivasyonlar\u0131n\u0131 da y\u00fcksek tutmak istiyoruz. Sa\u011fl\u0131k hizmetlerinden ula\u015f\u0131m deste\u011fine kadar her t\u00fcrl\u00fc ihtiyaca y\u00f6nelik \u00e7\u00f6z\u00fcmler \u00fcretiyoruz. Bu projeyle, Bayrakl\u0131\u2019daki t\u00fcm 65 ya\u015f \u00fcst\u00fc, kendi ihtiya\u00e7lar\u0131n\u0131 kar\u015f\u0131layamayan, hasta, yatalak ve engelli vatanda\u015flar\u0131m\u0131za sa\u011fl\u0131kl\u0131 ve mutlu bir ya\u015fam sunmak istiyoruz\u201d dedi.<br \/>\n<br \/><img fetchpriority=\"high\" decoding=\"async\" width=\"1280\" height=\"853\" src=\"https:\/\/www.egemtv.com\/wp-content\/uploads\/2025\/01\/bayrakli-belediyesi-yasli-destek-hatti-kurdu_15261f0c60ce.jpg\" class=\"attachment-full size-full not-transparent\" alt=\"\" data-has-transparency=\"false\" data-dominant-color=\"948985\" style=\"--dominant-color: #948985\" \/><img decoding=\"async\" width=\"1280\" height=\"992\" src=\"https:\/\/www.egemtv.com\/wp-content\/uploads\/2025\/01\/bayrakli-belediyesi-yasli-destek-hatti-kurdu_757cd52f1f8a.jpg\" class=\"attachment-full size-full not-transparent\" alt=\"\" data-has-transparency=\"false\" data-dominant-color=\"7a706a\" style=\"--dominant-color: #7a706a\" \/><\/p>\n","protected":false},"excerpt":{"rendered":"<p>\u0130htiya\u00e7 sahibi vatanda\u015flara y\u00f6nelik sosyal destek \u00e7al\u0131\u015fmalar\u0131yla dikkat \u00e7eken Bayrakl\u0131 Belediyesi, 65 ya\u015f ve \u00fczeri vatanda\u015flar\u0131n ya\u015fam kalitesini art\u0131rmak amac\u0131yla anlaml\u0131 bir projeye daha imza att\u0131. Ba\u015fkan \u0130rfan \u00d6nal\u2019\u0131n talimat\u0131yla, daha \u00f6nce ya\u015fl\u0131lara evlerinde sa\u011fl\u0131k, kuaf\u00f6r ve k\u00fc\u00e7\u00fck tamirat hizmetleri sunulurken, \u015fimdi de engelli ve kendi ihtiyac\u0131n\u0131 kar\u015f\u0131layamayan 65 ya\u015f \u00fczerindeki hasta ve yatalak vatanda\u015flar&#8230;<\/p>\n","protected":false},"author":1,"featured_media":7427,"comment_status":"open","ping_status":"open","sticky":false,"template":"","format":"standard","meta":{"_crdt_document":"","footnotes":""},"categories":[1],"tags":[],"class_list":["post-7426","post","type-post","status-publish","format-standard","has-post-thumbnail","hentry","category-guncel"],"_links":{"self":[{"href":"https:\/\/www.egemtv.com\/index.php?rest_route=\/wp\/v2\/posts\/7426","targetHints":{"allow":["GET"]}}],"collection":[{"href":"https:\/\/www.egemtv.com\/index.php?rest_route=\/wp\/v2\/posts"}],"about":[{"href":"https:\/\/www.egemtv.com\/index.php?rest_route=\/wp\/v2\/types\/post"}],"author":[{"embeddable":true,"href":"https:\/\/www.egemtv.com\/index.php?rest_route=\/wp\/v2\/users\/1"}],"replies":[{"embeddable":true,"href":"https:\/\/www.egemtv.com\/index.php?rest_route=%2Fwp%2Fv2%2Fcomments&post=7426"}],"version-history":[{"count":1,"href":"https:\/\/www.egemtv.com\/index.php?rest_route=\/wp\/v2\/posts\/7426\/revisions"}],"predecessor-version":[{"id":7430,"href":"https:\/\/www.egemtv.com\/index.php?rest_route=\/wp\/v2\/posts\/7426\/revisions\/7430"}],"wp:featuredmedia":[{"embeddable":true,"href":"https:\/\/www.egemtv.com\/index.php?rest_route=\/wp\/v2\/media\/7427"}],"wp:attachment":[{"href":"https:\/\/www.egemtv.com\/index.php?rest_route=%2Fwp%2Fv2%2Fmedia&parent=7426"}],"wp:term":[{"taxonomy":"category","embeddable":true,"href":"https:\/\/www.egemtv.com\/index.php?rest_route=%2Fwp%2Fv2%2Fcategories&post=7426"},{"taxonomy":"post_tag","embeddable":true,"href":"https:\/\/www.egemtv.com\/index.php?rest_route=%2Fwp%2Fv2%2Ftags&post=7426"}],"curies":[{"name":"wp","href":"https:\/\/api.w.org\/{rel}","templated":true}]}}