{"id":7421,"date":"2025-01-13T10:11:40","date_gmt":"2025-01-13T07:11:40","guid":{"rendered":"https:\/\/www.egemtv.com\/?p=7421"},"modified":"2025-01-13T10:11:45","modified_gmt":"2025-01-13T07:11:45","slug":"orman-yanginlarina-karsi-bilgilendirme-calismalari-suruyor","status":"publish","type":"post","link":"https:\/\/www.egemtv.com\/?p=7421","title":{"rendered":"Orman yang\u0131nlar\u0131na kar\u015f\u0131 bilgilendirme \u00e7al\u0131\u015fmalar\u0131 s\u00fcr\u00fcyor"},"content":{"rendered":"<p>Ayd\u0131n\u2019\u0131n K\u00f6\u015fk il\u00e7esinde vatanda\u015flar orman yang\u0131nlar\u0131na kar\u015f\u0131 bilgilendirildi.<br \/>\n<br \/>Ayd\u0131n\u2019da yaz d\u00f6neminde ya\u015fanmas\u0131 muhtemel yang\u0131nlara kar\u015f\u0131 vatanda\u015flar\u0131 bilgilendirme \u00e7al\u0131\u015fmalar\u0131 devam ediyor. Ayd\u0131n Orman \u0130\u015fletme M\u00fcd\u00fcrl\u00fc\u011f\u00fc\u2019nde orman yang\u0131nlar\u0131yla ilgili k\u00f6ylerde ya\u015fayan vatanda\u015flara y\u00f6nelik bilgilendirme toplant\u0131lar\u0131 yap\u0131l\u0131yor. Bu kapsamda K\u00f6\u015fk Orman \u0130\u015fletme \u015eefi Ali \u00dcreden taraf\u0131ndan Baltak\u00f6y ve Yukar\u0131kayac\u0131k mahallelerinde toplant\u0131lar d\u00fczenlenerek al\u0131nacak tedbirler anlat\u0131ld\u0131. Bilgilendirme \u00e7al\u0131\u015fmalar\u0131n\u0131n \u00f6n\u00fcm\u00fczdeki g\u00fcnlerde de devam etmesi planlan\u0131yor.<br \/>\n<br \/><img fetchpriority=\"high\" decoding=\"async\" width=\"1280\" height=\"1182\" src=\"https:\/\/www.egemtv.com\/wp-content\/uploads\/2025\/01\/orman-yanginlarina-karsi-bilgilendirme-calismalari-suruyor_8742d28e63a1.jpg\" class=\"attachment-full size-full not-transparent\" alt=\"\" data-has-transparency=\"false\" data-dominant-color=\"5d5c5c\" style=\"--dominant-color: #5d5c5c\" \/><img decoding=\"async\" width=\"600\" height=\"431\" src=\"https:\/\/www.egemtv.com\/wp-content\/uploads\/2025\/01\/orman-yanginlarina-karsi-bilgilendirme-calismalari-suruyor_bb619d48c423.jpg\" class=\"attachment-full size-full not-transparent\" alt=\"\" data-has-transparency=\"false\" data-dominant-color=\"5d5855\" style=\"--dominant-color: #5d5855\" \/><\/p>\n","protected":false},"excerpt":{"rendered":"<p>Ayd\u0131n\u2019\u0131n K\u00f6\u015fk il\u00e7esinde vatanda\u015flar orman yang\u0131nlar\u0131na kar\u015f\u0131 bilgilendirildi. Ayd\u0131n\u2019da yaz d\u00f6neminde ya\u015fanmas\u0131 muhtemel yang\u0131nlara kar\u015f\u0131 vatanda\u015flar\u0131 bilgilendirme \u00e7al\u0131\u015fmalar\u0131 devam ediyor. Ayd\u0131n Orman \u0130\u015fletme M\u00fcd\u00fcrl\u00fc\u011f\u00fc\u2019nde orman yang\u0131nlar\u0131yla ilgili k\u00f6ylerde ya\u015fayan vatanda\u015flara y\u00f6nelik bilgilendirme toplant\u0131lar\u0131 yap\u0131l\u0131yor. Bu kapsamda K\u00f6\u015fk Orman \u0130\u015fletme \u015eefi Ali \u00dcreden taraf\u0131ndan Baltak\u00f6y ve Yukar\u0131kayac\u0131k mahallelerinde toplant\u0131lar d\u00fczenlenerek al\u0131nacak tedbirler anlat\u0131ld\u0131. Bilgilendirme \u00e7al\u0131\u015fmalar\u0131n\u0131n \u00f6n\u00fcm\u00fczdeki&#8230;<\/p>\n","protected":false},"author":1,"featured_media":7422,"comment_status":"open","ping_status":"open","sticky":false,"template":"","format":"standard","meta":{"_crdt_document":"","footnotes":""},"categories":[1],"tags":[],"class_list":["post-7421","post","type-post","status-publish","format-standard","has-post-thumbnail","hentry","category-guncel"],"_links":{"self":[{"href":"https:\/\/www.egemtv.com\/index.php?rest_route=\/wp\/v2\/posts\/7421","targetHints":{"allow":["GET"]}}],"collection":[{"href":"https:\/\/www.egemtv.com\/index.php?rest_route=\/wp\/v2\/posts"}],"about":[{"href":"https:\/\/www.egemtv.com\/index.php?rest_route=\/wp\/v2\/types\/post"}],"author":[{"embeddable":true,"href":"https:\/\/www.egemtv.com\/index.php?rest_route=\/wp\/v2\/users\/1"}],"replies":[{"embeddable":true,"href":"https:\/\/www.egemtv.com\/index.php?rest_route=%2Fwp%2Fv2%2Fcomments&post=7421"}],"version-history":[{"count":1,"href":"https:\/\/www.egemtv.com\/index.php?rest_route=\/wp\/v2\/posts\/7421\/revisions"}],"predecessor-version":[{"id":7425,"href":"https:\/\/www.egemtv.com\/index.php?rest_route=\/wp\/v2\/posts\/7421\/revisions\/7425"}],"wp:featuredmedia":[{"embeddable":true,"href":"https:\/\/www.egemtv.com\/index.php?rest_route=\/wp\/v2\/media\/7422"}],"wp:attachment":[{"href":"https:\/\/www.egemtv.com\/index.php?rest_route=%2Fwp%2Fv2%2Fmedia&parent=7421"}],"wp:term":[{"taxonomy":"category","embeddable":true,"href":"https:\/\/www.egemtv.com\/index.php?rest_route=%2Fwp%2Fv2%2Fcategories&post=7421"},{"taxonomy":"post_tag","embeddable":true,"href":"https:\/\/www.egemtv.com\/index.php?rest_route=%2Fwp%2Fv2%2Ftags&post=7421"}],"curies":[{"name":"wp","href":"https:\/\/api.w.org\/{rel}","templated":true}]}}