{"id":74191,"date":"2025-12-14T20:14:39","date_gmt":"2025-12-14T17:14:39","guid":{"rendered":"https:\/\/www.egemtv.com\/?p=74191"},"modified":"2025-12-14T20:14:39","modified_gmt":"2025-12-14T17:14:39","slug":"cesme-belediyespor-ozderespor-deplasmanindan-puansiz-dondu","status":"publish","type":"post","link":"https:\/\/www.egemtv.com\/?p=74191","title":{"rendered":"\u00c7e\u015fme Belediyespor, \u00d6zderespor deplasman\u0131ndan puans\u0131z d\u00f6nd\u00fc"},"content":{"rendered":"<p>\u0130zmir S\u00fcper Amat\u00f6r Lig E Grubu\u2019nun 11. haftas\u0131nda \u00c7e\u015fme Belediyespor, deplasmanda kar\u015f\u0131la\u015ft\u0131\u011f\u0131 \u00d6zderespor\u2019a 1-0 ma\u011flup oldu.<br \/>\n<br \/>Kar\u015f\u0131la\u015fman\u0131n tek gol\u00fc, ilk yar\u0131n\u0131n uzatma dakikalar\u0131nda 48. dakikada H\u00fcseyin Arda Balkan\u2019dan geldi. Bu golle ev sahibi ekip \u00d6zderespor sahadan 1-0\u2019l\u0131k galibiyetle ayr\u0131ld\u0131.<br \/>\n<br \/>Bu sonu\u00e7la \u00c7e\u015fme Belediyespor, ligde 13 puanda kalarak 6. s\u0131raya geriledi. Siyah-beyazl\u0131 ekip, \u00f6n\u00fcm\u00fczdeki haftay\u0131 BAY ge\u00e7irecek.<br \/><\/p>\n","protected":false},"excerpt":{"rendered":"<p>\u0130zmir S\u00fcper Amat\u00f6r Lig E Grubu\u2019nun 11. haftas\u0131nda \u00c7e\u015fme Belediyespor, deplasmanda kar\u015f\u0131la\u015ft\u0131\u011f\u0131 \u00d6zderespor\u2019a 1-0 ma\u011flup oldu. Kar\u015f\u0131la\u015fman\u0131n tek gol\u00fc, ilk yar\u0131n\u0131n uzatma dakikalar\u0131nda 48. dakikada H\u00fcseyin Arda Balkan\u2019dan geldi. Bu golle ev sahibi ekip \u00d6zderespor sahadan 1-0\u2019l\u0131k galibiyetle ayr\u0131ld\u0131. Bu sonu\u00e7la \u00c7e\u015fme Belediyespor, ligde 13 puanda kalarak 6. s\u0131raya geriledi. Siyah-beyazl\u0131 ekip, \u00f6n\u00fcm\u00fczdeki haftay\u0131 BAY&#8230;<\/p>\n","protected":false},"author":1,"featured_media":74192,"comment_status":"open","ping_status":"open","sticky":false,"template":"","format":"standard","meta":{"_crdt_document":"","footnotes":""},"categories":[4],"tags":[],"class_list":["post-74191","post","type-post","status-publish","format-standard","has-post-thumbnail","hentry","category-spor"],"_links":{"self":[{"href":"https:\/\/www.egemtv.com\/index.php?rest_route=\/wp\/v2\/posts\/74191","targetHints":{"allow":["GET"]}}],"collection":[{"href":"https:\/\/www.egemtv.com\/index.php?rest_route=\/wp\/v2\/posts"}],"about":[{"href":"https:\/\/www.egemtv.com\/index.php?rest_route=\/wp\/v2\/types\/post"}],"author":[{"embeddable":true,"href":"https:\/\/www.egemtv.com\/index.php?rest_route=\/wp\/v2\/users\/1"}],"replies":[{"embeddable":true,"href":"https:\/\/www.egemtv.com\/index.php?rest_route=%2Fwp%2Fv2%2Fcomments&post=74191"}],"version-history":[{"count":1,"href":"https:\/\/www.egemtv.com\/index.php?rest_route=\/wp\/v2\/posts\/74191\/revisions"}],"predecessor-version":[{"id":74193,"href":"https:\/\/www.egemtv.com\/index.php?rest_route=\/wp\/v2\/posts\/74191\/revisions\/74193"}],"wp:featuredmedia":[{"embeddable":true,"href":"https:\/\/www.egemtv.com\/index.php?rest_route=\/wp\/v2\/media\/74192"}],"wp:attachment":[{"href":"https:\/\/www.egemtv.com\/index.php?rest_route=%2Fwp%2Fv2%2Fmedia&parent=74191"}],"wp:term":[{"taxonomy":"category","embeddable":true,"href":"https:\/\/www.egemtv.com\/index.php?rest_route=%2Fwp%2Fv2%2Fcategories&post=74191"},{"taxonomy":"post_tag","embeddable":true,"href":"https:\/\/www.egemtv.com\/index.php?rest_route=%2Fwp%2Fv2%2Ftags&post=74191"}],"curies":[{"name":"wp","href":"https:\/\/api.w.org\/{rel}","templated":true}]}}