{"id":74188,"date":"2025-12-14T20:14:38","date_gmt":"2025-12-14T17:14:38","guid":{"rendered":"https:\/\/www.egemtv.com\/?p=74188"},"modified":"2025-12-14T20:14:39","modified_gmt":"2025-12-14T17:14:39","slug":"sehzadeler-belediye-baskani-gulsah-durbay-hayatini-kaybetti","status":"publish","type":"post","link":"https:\/\/www.egemtv.com\/?p=74188","title":{"rendered":"\u015eehzadeler Belediye Ba\u015fkan\u0131 G\u00fcl\u015fah Durbay hayat\u0131n\u0131 kaybetti"},"content":{"rendered":"<p>Manisa\u2019n\u0131n \u015eehzadeler Belediye Ba\u015fkan\u0131 G\u00fcl\u015fah Durbay, 14 g\u00fcnd\u00fcr tedavi g\u00f6rd\u00fc\u011f\u00fc hastanede hayat\u0131n\u0131 kaybetti.<br \/>\n<br \/>1 Aral\u0131k\u2019ta kolon kanseri nedeniyle Manisa \u015eehir Hastanesi\u2019nde tedavi alt\u0131na al\u0131nan ve \u00e7oklu organ yetmezli\u011fi nedeniyle tedavisine yo\u011fun bak\u0131mda devam edilen Manisa\u2019n\u0131n ilk kad\u0131n belediye ba\u015fkan\u0131 olan \u015eehzadeler Belediye Ba\u015fkan\u0131 G\u00fcl\u015fah Durbay\u2019\u0131n hayat\u0131n\u0131 kaybetti\u011fi a\u00e7\u0131kland\u0131. 37 ya\u015f\u0131ndaki Durbay\u2019\u0131n \u00f6l\u00fcm haberi vatanda\u015flar\u0131 yasa bo\u011fdu.<br \/>\n<br \/>Ge\u00e7ti\u011fimiz haziran ay\u0131nda da Manisa B\u00fcy\u00fck\u015fehir Belediye Ba\u015fkan\u0131 Ferdi Zeyrek elektrik ak\u0131m\u0131na kap\u0131larak hayat\u0131n\u0131 kaybetmi\u015fti.<br \/><\/p>\n","protected":false},"excerpt":{"rendered":"<p>Manisa\u2019n\u0131n \u015eehzadeler Belediye Ba\u015fkan\u0131 G\u00fcl\u015fah Durbay, 14 g\u00fcnd\u00fcr tedavi g\u00f6rd\u00fc\u011f\u00fc hastanede hayat\u0131n\u0131 kaybetti. 1 Aral\u0131k\u2019ta kolon kanseri nedeniyle Manisa \u015eehir Hastanesi\u2019nde tedavi alt\u0131na al\u0131nan ve \u00e7oklu organ yetmezli\u011fi nedeniyle tedavisine yo\u011fun bak\u0131mda devam edilen Manisa\u2019n\u0131n ilk kad\u0131n belediye ba\u015fkan\u0131 olan \u015eehzadeler Belediye Ba\u015fkan\u0131 G\u00fcl\u015fah Durbay\u2019\u0131n hayat\u0131n\u0131 kaybetti\u011fi a\u00e7\u0131kland\u0131. 37 ya\u015f\u0131ndaki Durbay\u2019\u0131n \u00f6l\u00fcm haberi vatanda\u015flar\u0131 yasa&#8230;<\/p>\n","protected":false},"author":1,"featured_media":74189,"comment_status":"open","ping_status":"open","sticky":false,"template":"","format":"standard","meta":{"_crdt_document":"","footnotes":""},"categories":[1],"tags":[],"class_list":["post-74188","post","type-post","status-publish","format-standard","has-post-thumbnail","hentry","category-guncel"],"_links":{"self":[{"href":"https:\/\/www.egemtv.com\/index.php?rest_route=\/wp\/v2\/posts\/74188","targetHints":{"allow":["GET"]}}],"collection":[{"href":"https:\/\/www.egemtv.com\/index.php?rest_route=\/wp\/v2\/posts"}],"about":[{"href":"https:\/\/www.egemtv.com\/index.php?rest_route=\/wp\/v2\/types\/post"}],"author":[{"embeddable":true,"href":"https:\/\/www.egemtv.com\/index.php?rest_route=\/wp\/v2\/users\/1"}],"replies":[{"embeddable":true,"href":"https:\/\/www.egemtv.com\/index.php?rest_route=%2Fwp%2Fv2%2Fcomments&post=74188"}],"version-history":[{"count":1,"href":"https:\/\/www.egemtv.com\/index.php?rest_route=\/wp\/v2\/posts\/74188\/revisions"}],"predecessor-version":[{"id":74190,"href":"https:\/\/www.egemtv.com\/index.php?rest_route=\/wp\/v2\/posts\/74188\/revisions\/74190"}],"wp:featuredmedia":[{"embeddable":true,"href":"https:\/\/www.egemtv.com\/index.php?rest_route=\/wp\/v2\/media\/74189"}],"wp:attachment":[{"href":"https:\/\/www.egemtv.com\/index.php?rest_route=%2Fwp%2Fv2%2Fmedia&parent=74188"}],"wp:term":[{"taxonomy":"category","embeddable":true,"href":"https:\/\/www.egemtv.com\/index.php?rest_route=%2Fwp%2Fv2%2Fcategories&post=74188"},{"taxonomy":"post_tag","embeddable":true,"href":"https:\/\/www.egemtv.com\/index.php?rest_route=%2Fwp%2Fv2%2Ftags&post=74188"}],"curies":[{"name":"wp","href":"https:\/\/api.w.org\/{rel}","templated":true}]}}