{"id":74185,"date":"2025-12-14T20:14:37","date_gmt":"2025-12-14T17:14:37","guid":{"rendered":"https:\/\/www.egemtv.com\/?p=74185"},"modified":"2025-12-14T20:14:38","modified_gmt":"2025-12-14T17:14:38","slug":"baskan-ozelden-durbay-icin-taziye-mesaji","status":"publish","type":"post","link":"https:\/\/www.egemtv.com\/?p=74185","title":{"rendered":"Ba\u015fkan \u00d6zel\u2019den Durbay i\u00e7in taziye mesaj\u0131"},"content":{"rendered":"<p>Manisa \u015eehzadeler Belediye Ba\u015fkan\u0131 G\u00fcl\u015fah Durbay bir s\u00fcredir tedavi g\u00f6rd\u00fc\u011f\u00fc rahats\u0131zl\u0131\u011fa yenik d\u00fc\u015ferek hayat\u0131n\u0131 kaybederken, Durbay\u2019\u0131n ac\u0131 kayb\u0131n\u0131n ard\u0131ndan Bozdo\u011fan Belediye Ba\u015fkan\u0131 Mustafa Galip \u00d6zel de bir taziye mesaj\u0131 yay\u0131mlayarak derin \u00fcz\u00fcnt\u00fclerini dile getirdi.<\/p>\n<p>Manisa \u015eehzadeler Belediye Ba\u015fkan\u0131 G\u00fcl\u015fah Durbay\u2019\u0131n vefat haberi Manisa ve siyaset camias\u0131n\u0131 yasa bo\u011fdu. Bozdo\u011fan Belediye Ba\u015fkan\u0131 Mustafa Galip \u00d6zel yay\u0131mlad\u0131\u011f\u0131 mesajda G\u00fcl\u015fah Durbay\u2019\u0131n vefat haberini derin bir \u00fcz\u00fcnt\u00fc i\u00e7inde \u00f6\u011frendiklerini belirtti. Ba\u015fkan \u00d6zel, mesaj\u0131nda, &#8220;Manisa \u015eehzadeler Belediye Ba\u015fkan\u0131m\u0131z G\u00fcl\u015fah Durbay\u2019\u0131, ya\u015fad\u0131\u011f\u0131 rahats\u0131zl\u0131k nedeniyle bir s\u00fcredir g\u00f6rd\u00fc\u011f\u00fc tedavinin ard\u0131ndan kaybetti\u011fimizi b\u00fcy\u00fck bir \u00fcz\u00fcnt\u00fcyle \u00f6\u011frenmi\u015f bulunuyoruz. Umutla g\u00fczel haberlerini beklerken, ne yaz\u0131k ki vefat haberi hepimizi yasa bo\u011fdu. Merhum Ba\u015fkan\u0131m\u0131za Allah\u2019tan rahmet; ailesine, sevenlerine ve t\u00fcm Manisa halk\u0131na sab\u0131r ve ba\u015fsa\u011fl\u0131\u011f\u0131 diliyorum&#8221; ifadeleriyle merhum G\u00fcl\u015fah Durbay\u2019a rahmet, ailesine ve Manisa halk\u0131na ba\u015fsa\u011fl\u0131\u011f\u0131 dileklerini iletti.<br \/><\/p>\n","protected":false},"excerpt":{"rendered":"<p>Manisa \u015eehzadeler Belediye Ba\u015fkan\u0131 G\u00fcl\u015fah Durbay bir s\u00fcredir tedavi g\u00f6rd\u00fc\u011f\u00fc rahats\u0131zl\u0131\u011fa yenik d\u00fc\u015ferek hayat\u0131n\u0131 kaybederken, Durbay\u2019\u0131n ac\u0131 kayb\u0131n\u0131n ard\u0131ndan Bozdo\u011fan Belediye Ba\u015fkan\u0131 Mustafa Galip \u00d6zel de bir taziye mesaj\u0131 yay\u0131mlayarak derin \u00fcz\u00fcnt\u00fclerini dile getirdi. Manisa \u015eehzadeler Belediye Ba\u015fkan\u0131 G\u00fcl\u015fah Durbay\u2019\u0131n vefat haberi Manisa ve siyaset camias\u0131n\u0131 yasa bo\u011fdu. Bozdo\u011fan Belediye Ba\u015fkan\u0131 Mustafa Galip \u00d6zel yay\u0131mlad\u0131\u011f\u0131&#8230;<\/p>\n","protected":false},"author":1,"featured_media":74186,"comment_status":"open","ping_status":"open","sticky":false,"template":"","format":"standard","meta":{"_crdt_document":"","footnotes":""},"categories":[1],"tags":[],"class_list":["post-74185","post","type-post","status-publish","format-standard","has-post-thumbnail","hentry","category-guncel"],"_links":{"self":[{"href":"https:\/\/www.egemtv.com\/index.php?rest_route=\/wp\/v2\/posts\/74185","targetHints":{"allow":["GET"]}}],"collection":[{"href":"https:\/\/www.egemtv.com\/index.php?rest_route=\/wp\/v2\/posts"}],"about":[{"href":"https:\/\/www.egemtv.com\/index.php?rest_route=\/wp\/v2\/types\/post"}],"author":[{"embeddable":true,"href":"https:\/\/www.egemtv.com\/index.php?rest_route=\/wp\/v2\/users\/1"}],"replies":[{"embeddable":true,"href":"https:\/\/www.egemtv.com\/index.php?rest_route=%2Fwp%2Fv2%2Fcomments&post=74185"}],"version-history":[{"count":1,"href":"https:\/\/www.egemtv.com\/index.php?rest_route=\/wp\/v2\/posts\/74185\/revisions"}],"predecessor-version":[{"id":74187,"href":"https:\/\/www.egemtv.com\/index.php?rest_route=\/wp\/v2\/posts\/74185\/revisions\/74187"}],"wp:featuredmedia":[{"embeddable":true,"href":"https:\/\/www.egemtv.com\/index.php?rest_route=\/wp\/v2\/media\/74186"}],"wp:attachment":[{"href":"https:\/\/www.egemtv.com\/index.php?rest_route=%2Fwp%2Fv2%2Fmedia&parent=74185"}],"wp:term":[{"taxonomy":"category","embeddable":true,"href":"https:\/\/www.egemtv.com\/index.php?rest_route=%2Fwp%2Fv2%2Fcategories&post=74185"},{"taxonomy":"post_tag","embeddable":true,"href":"https:\/\/www.egemtv.com\/index.php?rest_route=%2Fwp%2Fv2%2Ftags&post=74185"}],"curies":[{"name":"wp","href":"https:\/\/api.w.org\/{rel}","templated":true}]}}