{"id":7418,"date":"2025-01-13T10:11:37","date_gmt":"2025-01-13T07:11:37","guid":{"rendered":"https:\/\/www.egemtv.com\/?p=7418"},"modified":"2025-01-13T10:11:39","modified_gmt":"2025-01-13T07:11:39","slug":"seyit-mehmet-ozkan-hareketsiz-toplumlar-yok-olmaya-mahkumdur","status":"publish","type":"post","link":"https:\/\/www.egemtv.com\/?p=7418","title":{"rendered":"Seyit Mehmet \u00d6zkan: \u201cHareketsiz toplumlar yok olmaya mahkumdur\u201d"},"content":{"rendered":"<p>Kul\u00fcp televizyonuna a\u00e7\u0131klamalarda bulunan Alt\u0131nordu Ba\u015fkan\u0131 Seyit Mehmet \u00d6zkan, \u201cHareketsiz toplumlar yok olmaya mahkumdur. Hareketli toplumlar kendilerini geli\u015ftiren, merakl\u0131 olan, k\u0131p\u0131r k\u0131p\u0131r toplumlar daha \u00e7ok ileriye giderler\u201d dedi.<br \/>\n<br \/>Alt\u0131nordu Ba\u015fkan\u0131 Seyit Mehmet \u00d6zkan, bir etkinlik s\u0131ras\u0131nda kul\u00fcp televizyonuna \u00f6nemli ve samimi a\u00e7\u0131klamalarda bulundu. \u0130\u015flerinin \u00f6ncelikle bu topraklar\u0131n \u00e7ocuklar\u0131na sporu sevdirmek oldu\u011funu vurgulayan \u00d6zkan, \u201cSpor toplumumuzda asl\u0131nda olmazsa olmaz sosyal ya\u015fam alanlar\u0131ndan ba\u015f\u0131nda geliyor. Ama \u00fclkemizde maalesef spor \u00e7ok yap\u0131lm\u0131yor. Yani amat\u00f6r lisansl\u0131 oyuncu say\u0131s\u0131na bakarsan\u0131z 85-90 milyon olduk. Sadece futboldan bahsetmiyorum tabii. Yani atletizm ba\u015fta olmak \u00fczere, y\u00fczme, voleybol, basketbol bir\u00e7ok spor dal\u0131 var. Ama lisansl\u0131 oyuncu say\u0131m\u0131z \u00e7ok az. Beden e\u011fitimi, milli e\u011fitimde mutlaka daha \u00f6nde olmakt\u0131. Yani matematik tabii ki \u00e7ok \u00f6nemli, matematik bilmeyen hayat\u0131n\u0131 y\u00f6nlendiremez. Ama bunun yan\u0131nda da hareketsiz insanlar, h\u0131mb\u0131l, tombul, obez insanlardan olu\u015fan bir toplum da bence ger\u00e7ekten zay\u0131f bir toplum olur\u201d dedi.<\/p>\n<p>\u201cG\u00f6revimiz spor yapt\u0131rmak ve sevdirmek\u201d<br \/>\n<br \/>Alt\u0131nordu Futbol Kul\u00fcb\u00fc olarak sosyal g\u00f6revlerinin bu topraklar\u0131n \u00e7ocuklar\u0131na spor yapt\u0131rmak oldu\u011funu s\u00f6yleyen Ba\u015fkan Seyit Mehmet \u00d6zkan, \u201cSosyal g\u00f6revimiz bu topraklarda \u00e7ocuklar\u0131m\u0131za spor yapt\u0131rmak ve de onlar\u0131 sporu sevdirmek. Gelecekte hepsi tabii ki profesyonel oyuncular olmayacak. Bir\u00e7o\u011fu en az\u0131ndan sportmen bireyler olacaklar. Sportmen birey oldu\u011fu zaman bu \u00e7ocuklar yenmeyi ve yenilmeyi \u00f6\u011freniyorlar. Yani hem sevinmeyi \u00f6\u011freniyorlar hem de \u00fcz\u00fclmeyi \u00f6\u011freniyorlar. Oynarken sosyalle\u015fiyorlar. Tak\u0131m oyunlar\u0131nda antren\u00f6r\u00fcn\u00fcn s\u00f6z\u00fcn\u00fc dinliyor. Arkada\u015f\u0131yla pas yaparken, birlikte oynarken onunla bir etkile\u015fime giriyor. Bunlar\u0131n hepsi \u00e7ocuklar\u0131n sosyal y\u00f6nlerini \u00e7ok geli\u015ftiriyor. Toplumlarda zaten ne kadar sosyalle\u015fme geli\u015firse o kadar daha geli\u015fmi\u015f toplumlar oluyor. Yani bu anlamda spor \u00e7ok \u00f6nemli\u201d diye konu\u015ftu.<\/p>\n<p>\u201cT\u00fcrkiye\u2019nin Alt\u0131nordu\u2019suyuz\u201d<br \/>\n<br \/>T\u00fcrkiye\u2019de futbolun yava\u015f oynand\u0131\u011f\u0131n\u0131 da belirten Ba\u015fkan \u00d6zkan, \u201cAvrupa\u2019da daha h\u0131zl\u0131 oynan\u0131yor. \u00c7\u00fcnk\u00fc herkes i\u00e7in bu meslektir. Bu mesle\u011fe sayg\u0131s\u0131 var. O y\u00fczden Allah ne verdiyse diye kimse girmiyor. Herkesin rakibine kar\u015f\u0131 bir sayg\u0131s\u0131 var. Respect diye bir \u015fey var yani. Koskoca bir kelime bu. FIFA\u2019n\u0131n \u00fcst\u00fcne durdu\u011fu en \u00f6nemli kelime. Sadece Alt\u0131nordu i\u00e7in de\u011fil, b\u00fct\u00fcn kul\u00fcplerimize \u00e7ocuk yeti\u015ftiriyoruz. Biz T\u00fcrkiye\u2019nin Alt\u0131nordu\u2019suyuz. Biz \u0130zmir\u2019den \u00e7\u0131kt\u0131k ama l\u00fctfen kimse bizi \u0130zmir kul\u00fcb\u00fc olarak g\u00f6rmesin. Biz T\u00fcrkiye\u2019nin kul\u00fcb\u00fcy\u00fcz. Biz herkesin ikinci tak\u0131m\u0131y\u0131z. Biz herkese, her tak\u0131ma, yani T\u00fcrkiye\u2019de ne kadar futbol okulu yap\u0131yorsak oradaki b\u00fct\u00fcn \u00e7ocuklar asl\u0131nda ayn\u0131 zamanda da o kentinin kul\u00fcb\u00fcn\u00fcn de oyuncusu olarak g\u00f6rmeyi d\u00fc\u015f\u00fcn\u00fcyoruz. \u00c7\u00fcnk\u00fc bizim zaten A tak\u0131m\u0131m\u0131zda oynataca\u011f\u0131m\u0131z oyuncu say\u0131s\u0131 20-21. Yani onu zaten biz kendimiz sa\u011flar\u0131z. Ama \u015fu anda 20 bin \u00e7ocu\u011fa spor yapt\u0131r\u0131yoruz. Ve bu giderek iyiye do\u011fru gidiyor. G\u00f6r\u00fcyorum ki oyun olarak iyi geli\u015fiyoruz. \u00c7ok oyuncu \u00e7\u0131kar b\u00f6yle gidersek. Tabii sadece biz yapm\u0131yoruz zaten futbol okullar\u0131n\u0131. Bir\u00e7ok kul\u00fcp yap\u0131yor. Ama herkesin belli bir kurumsal ilkeler \u00e7er\u00e7evesinde yapmas\u0131n\u0131 \u00f6neriyorum. Yenici olmaktan ziyade oyun odakl\u0131 olmay\u0131, antren\u00f6rlerin kendilerinin tatmin etti\u011fi de\u011fil, \u00e7ocuklar\u0131n mutlu olaca\u011f\u0131 dakikalar\u0131 da d\u00fc\u015f\u00fcnerek yapmalar\u0131n\u0131 istiyorum. Hayat b\u00f6yle devam edecek bize. Biz \u00e7ok iyi bir \u015fey yap\u0131yoruz. Allah bug\u00fcnleri bize g\u00f6sterdi. \u015e\u00fck\u00fcrler olsun. Daha da iyi yapmak i\u00e7in \u00e7abalayaca\u011f\u0131z. Bu topraklar, bu vatan, burada do\u011fduk. Son nefesimizi de burada verece\u011fiz. Allah da bana son nefesimi b\u00f6yle bu \u00e7ocuklarla birlikte olurken bana vermeyi nasip etsin. \u00c7\u00fcnk\u00fc ben ger\u00e7ekten her de\u011fdi\u011fimiz \u00e7ocu\u011fun ger\u00e7ekten \u00e7ok \u015feyler, \u00e7ok \u015feyler katt\u0131\u011f\u0131n\u0131 d\u00fc\u015f\u00fcn\u00fcyorum. Bunun i\u00e7 huzuruyla hayata devam ediyoruz\u201d diye konu\u015ftu.<br \/><\/p>\n","protected":false},"excerpt":{"rendered":"<p>Kul\u00fcp televizyonuna a\u00e7\u0131klamalarda bulunan Alt\u0131nordu Ba\u015fkan\u0131 Seyit Mehmet \u00d6zkan, \u201cHareketsiz toplumlar yok olmaya mahkumdur. Hareketli toplumlar kendilerini geli\u015ftiren, merakl\u0131 olan, k\u0131p\u0131r k\u0131p\u0131r toplumlar daha \u00e7ok ileriye giderler\u201d dedi. Alt\u0131nordu Ba\u015fkan\u0131 Seyit Mehmet \u00d6zkan, bir etkinlik s\u0131ras\u0131nda kul\u00fcp televizyonuna \u00f6nemli ve samimi a\u00e7\u0131klamalarda bulundu. \u0130\u015flerinin \u00f6ncelikle bu topraklar\u0131n \u00e7ocuklar\u0131na sporu sevdirmek oldu\u011funu vurgulayan \u00d6zkan, \u201cSpor toplumumuzda&#8230;<\/p>\n","protected":false},"author":1,"featured_media":7419,"comment_status":"open","ping_status":"open","sticky":false,"template":"","format":"standard","meta":{"_crdt_document":"","footnotes":""},"categories":[4],"tags":[],"class_list":["post-7418","post","type-post","status-publish","format-standard","has-post-thumbnail","hentry","category-spor"],"_links":{"self":[{"href":"https:\/\/www.egemtv.com\/index.php?rest_route=\/wp\/v2\/posts\/7418","targetHints":{"allow":["GET"]}}],"collection":[{"href":"https:\/\/www.egemtv.com\/index.php?rest_route=\/wp\/v2\/posts"}],"about":[{"href":"https:\/\/www.egemtv.com\/index.php?rest_route=\/wp\/v2\/types\/post"}],"author":[{"embeddable":true,"href":"https:\/\/www.egemtv.com\/index.php?rest_route=\/wp\/v2\/users\/1"}],"replies":[{"embeddable":true,"href":"https:\/\/www.egemtv.com\/index.php?rest_route=%2Fwp%2Fv2%2Fcomments&post=7418"}],"version-history":[{"count":1,"href":"https:\/\/www.egemtv.com\/index.php?rest_route=\/wp\/v2\/posts\/7418\/revisions"}],"predecessor-version":[{"id":7420,"href":"https:\/\/www.egemtv.com\/index.php?rest_route=\/wp\/v2\/posts\/7418\/revisions\/7420"}],"wp:featuredmedia":[{"embeddable":true,"href":"https:\/\/www.egemtv.com\/index.php?rest_route=\/wp\/v2\/media\/7419"}],"wp:attachment":[{"href":"https:\/\/www.egemtv.com\/index.php?rest_route=%2Fwp%2Fv2%2Fmedia&parent=7418"}],"wp:term":[{"taxonomy":"category","embeddable":true,"href":"https:\/\/www.egemtv.com\/index.php?rest_route=%2Fwp%2Fv2%2Fcategories&post=7418"},{"taxonomy":"post_tag","embeddable":true,"href":"https:\/\/www.egemtv.com\/index.php?rest_route=%2Fwp%2Fv2%2Ftags&post=7418"}],"curies":[{"name":"wp","href":"https:\/\/api.w.org\/{rel}","templated":true}]}}