{"id":74167,"date":"2025-12-14T17:54:43","date_gmt":"2025-12-14T14:54:43","guid":{"rendered":"https:\/\/www.egemtv.com\/?p=74167"},"modified":"2025-12-14T17:54:43","modified_gmt":"2025-12-14T14:54:43","slug":"merkez-bankasi-baskani-karahanin-annesi-usakta-topraga-verildi","status":"publish","type":"post","link":"https:\/\/www.egemtv.com\/?p=74167","title":{"rendered":"Merkez Bankas\u0131 Ba\u015fkan\u0131 Karahan\u2019\u0131n annesi U\u015fak\u2019ta topra\u011fa verildi"},"content":{"rendered":"<p>T\u00fcrkiye Cumhuriyet Merkez Bankas\u0131 (TCMB) Ba\u015fkan\u0131 Fatih Karahan\u2019\u0131n hayat\u0131n\u0131 kaybeden annesi Hatice Karahan, U\u015fak\u2019\u0131n Karahall\u0131 il\u00e7esinde son yolculu\u011funa u\u011furland\u0131.<br \/>\n<br \/>T\u00fcrkiye Cumhuriyet Merkez Bankas\u0131 (TCMB) Ba\u015fkan\u0131 Fatih Karahan\u2019\u0131n hayat\u0131n\u0131 kaybeden annesi Hatice Karahan, U\u015fak\u2019\u0131n Karahall\u0131 il\u00e7esinde son yolculu\u011funa u\u011furland\u0131. Cenazesi \u0130stanbul\u2019dan U\u015fak\u2019\u0131n Karahall\u0131 il\u00e7esine getirilen merhume Hatice Karahan i\u00e7in il\u00e7edeki evinde helallik al\u0131nd\u0131.<br \/>\n<br \/>Helalli\u011fin ard\u0131ndan Karahan\u2019\u0131n cenazesi, ikindi namaz\u0131n\u0131 m\u00fcteakip G\u00f6lba\u015f\u0131 Camii\u2019nde k\u0131l\u0131nan cenaze namaz\u0131n\u0131n ard\u0131ndan il\u00e7e mezarl\u0131\u011f\u0131nda bulunan aile kabristan\u0131na defnedildi.<br \/>\n<br \/>Cenaze t\u00f6renine Enerji ve Tabii Kaynaklar Bakan\u0131 Alparslan Bayraktar, Hazine ve Maliye Bakan Yard\u0131mc\u0131s\u0131 Abdullah Erdem Cantimur, Eski\u015fehir Valisi H\u00fcseyin Aksoy, U\u015fak Valisi Naci Akta\u015f, AK Parti U\u015fak Milletvekili Fahrettin Tu\u011frul, CHP U\u015fak Milletvekili Ali Karaoba, Karahall\u0131 Belediye Ba\u015fkan\u0131 Ramazan Karakaya, kurum m\u00fcd\u00fcrleri ve yak\u0131nlar\u0131 kat\u0131ld\u0131.<br \/>\n<br \/>Cenazenin ard\u0131ndan Karahan ailesi, il\u00e7e merkezinde bulunan Karahall\u0131 K\u00fclt\u00fcr Merkezi\u2019nde taziyeleri kabul etti.<br \/><\/p>\n","protected":false},"excerpt":{"rendered":"<p>T\u00fcrkiye Cumhuriyet Merkez Bankas\u0131 (TCMB) Ba\u015fkan\u0131 Fatih Karahan\u2019\u0131n hayat\u0131n\u0131 kaybeden annesi Hatice Karahan, U\u015fak\u2019\u0131n Karahall\u0131 il\u00e7esinde son yolculu\u011funa u\u011furland\u0131. T\u00fcrkiye Cumhuriyet Merkez Bankas\u0131 (TCMB) Ba\u015fkan\u0131 Fatih Karahan\u2019\u0131n hayat\u0131n\u0131 kaybeden annesi Hatice Karahan, U\u015fak\u2019\u0131n Karahall\u0131 il\u00e7esinde son yolculu\u011funa u\u011furland\u0131. Cenazesi \u0130stanbul\u2019dan U\u015fak\u2019\u0131n Karahall\u0131 il\u00e7esine getirilen merhume Hatice Karahan i\u00e7in il\u00e7edeki evinde helallik al\u0131nd\u0131. Helalli\u011fin ard\u0131ndan Karahan\u2019\u0131n&#8230;<\/p>\n","protected":false},"author":1,"featured_media":74168,"comment_status":"open","ping_status":"open","sticky":false,"template":"","format":"standard","meta":{"_crdt_document":"","footnotes":""},"categories":[1],"tags":[],"class_list":["post-74167","post","type-post","status-publish","format-standard","has-post-thumbnail","hentry","category-guncel"],"_links":{"self":[{"href":"https:\/\/www.egemtv.com\/index.php?rest_route=\/wp\/v2\/posts\/74167","targetHints":{"allow":["GET"]}}],"collection":[{"href":"https:\/\/www.egemtv.com\/index.php?rest_route=\/wp\/v2\/posts"}],"about":[{"href":"https:\/\/www.egemtv.com\/index.php?rest_route=\/wp\/v2\/types\/post"}],"author":[{"embeddable":true,"href":"https:\/\/www.egemtv.com\/index.php?rest_route=\/wp\/v2\/users\/1"}],"replies":[{"embeddable":true,"href":"https:\/\/www.egemtv.com\/index.php?rest_route=%2Fwp%2Fv2%2Fcomments&post=74167"}],"version-history":[{"count":1,"href":"https:\/\/www.egemtv.com\/index.php?rest_route=\/wp\/v2\/posts\/74167\/revisions"}],"predecessor-version":[{"id":74169,"href":"https:\/\/www.egemtv.com\/index.php?rest_route=\/wp\/v2\/posts\/74167\/revisions\/74169"}],"wp:featuredmedia":[{"embeddable":true,"href":"https:\/\/www.egemtv.com\/index.php?rest_route=\/wp\/v2\/media\/74168"}],"wp:attachment":[{"href":"https:\/\/www.egemtv.com\/index.php?rest_route=%2Fwp%2Fv2%2Fmedia&parent=74167"}],"wp:term":[{"taxonomy":"category","embeddable":true,"href":"https:\/\/www.egemtv.com\/index.php?rest_route=%2Fwp%2Fv2%2Fcategories&post=74167"},{"taxonomy":"post_tag","embeddable":true,"href":"https:\/\/www.egemtv.com\/index.php?rest_route=%2Fwp%2Fv2%2Ftags&post=74167"}],"curies":[{"name":"wp","href":"https:\/\/api.w.org\/{rel}","templated":true}]}}