{"id":74164,"date":"2025-12-14T17:35:14","date_gmt":"2025-12-14T14:35:14","guid":{"rendered":"https:\/\/www.egemtv.com\/?p=74164"},"modified":"2025-12-14T17:35:15","modified_gmt":"2025-12-14T14:35:15","slug":"selendi-belediyespor-ucte-uc-yapti","status":"publish","type":"post","link":"https:\/\/www.egemtv.com\/?p=74164","title":{"rendered":"Selendi Belediyespor \u00fc\u00e7te \u00fc\u00e7 yapt\u0131"},"content":{"rendered":"<p>1 ma\u011flup ederek yoluna kay\u0131ps\u0131z devam etti. Bu galibiyetle puan\u0131n\u0131 9\u2019a y\u00fckselten Selendi temsilcisi, averajla grubunda 2. s\u0131radaki yerini korudu.<br \/>\n<br \/>Ge\u00e7ti\u011fimiz sezon S\u00fcper Amat\u00f6r K\u00fcme\u2019den d\u00fc\u015fen Selendi Belediye Spor, yeni sezona adeta f\u0131rt\u0131na gibi ba\u015flad\u0131. Ligin ilk haftas\u0131nda deplasmanda Killik Spor\u2019u 3-0 ma\u011flup eden Selendi ekibi, ikinci haftada sahas\u0131nda konuk etti\u011fi Trazlar Spor kar\u015f\u0131s\u0131nda 77. dakikaya kadar 3-0 \u00f6ndeyken rakip tak\u0131m\u0131n sahada 7 ki\u015fi kalmas\u0131 nedeniyle ma\u00e7\u0131n hakem taraf\u0131ndan tatil edilmesiyle 2\u2019de 2 yapt\u0131.<br \/>\n<br \/>Ligin 3. haftas\u0131nda Selendi 3 Eyl\u00fcl \u015eehir Stad\u0131\u2019nda oynanan kar\u015f\u0131la\u015fmay\u0131 Abdullah Kay\u0131kc\u0131, Eren G\u00fcnal ve H\u00fcseyin Sara\u00e7 hakem \u00fc\u00e7l\u00fcs\u00fc y\u00f6netti. M\u00fcsabakay\u0131 Selendi Belediye Ba\u015fkan\u0131 Murat Daban, Kul\u00fcp Ba\u015fkan\u0131 \u00d6mer Karag\u00f6z ve \u00e7ok say\u0131da taraftar trib\u00fcnden takip etti.<br \/>\n<br \/>Ma\u00e7\u0131n 11. dakikas\u0131nda Mehmet Talha\u2019n\u0131n \u015futu \u00fcst direkten d\u00f6nerken, 12. dakikada Selendi Belediye Spor Ya\u011f\u0131z Berk\u2019in gol\u00fcyle 1-0 \u00f6ne ge\u00e7ti. \u0130lk yar\u0131 bu skorla sona erdi.<br \/>\n<br \/>\u0130kinci yar\u0131da da oyunun kontrol\u00fcn\u00fc elinde tutan ev sahibi ekip, 48. dakikada Ya\u011f\u0131z Berk ile bir kez daha dire\u011fe tak\u0131ld\u0131. 65. dakikada oyuna sonradan giren Abd\u00fclkadir, Selendi Belediye Spor\u2019un ikinci gol\u00fcn\u00fc kaydetti. Ayn\u0131 dakikalarda oyuna giren G\u00f6kay, soldan \u00e7al\u0131mlarla girdi\u011fi ceza sahas\u0131nda yapt\u0131\u011f\u0131 plase vuru\u015fla skoru 3-0\u2019a ta\u015f\u0131d\u0131.<br \/>\n<br \/>Tepek\u00f6y Spor\u2019un gol\u00fc 87. dakikada S\u00fcleyman\u2019dan geldi. Uzatma dakikalar\u0131nda Kaan, Selendi Belediye Spor ad\u0131na bir gol daha atarak ma\u00e7\u0131n skorunu 4-1 olarak belirledi.<br \/>\n<br \/>Kar\u015f\u0131la\u015fman\u0131n biti\u015f d\u00fcd\u00fc\u011f\u00fcyle birlikte taraftarlar futbolcular\u0131 trib\u00fcne \u00e7a\u011f\u0131rarak \u00fc\u00e7l\u00fc \u00e7ektirdi. Selendili futbolcular, Turgutlu\u2019dan gelen davul-zurna ekibi e\u015fli\u011finde Selendi y\u00f6resine ait oyunlar\u0131 oynayarak galibiyeti kutlad\u0131.<br \/>\n<br \/>Ma\u00e7 sonras\u0131 a\u00e7\u0131klamalarda bulunan Selendi Belediye Spor Kul\u00fcp Ba\u015fkan\u0131 \u00d6mer Karag\u00f6z, &#8220;Galip geldi\u011fimiz i\u00e7in mutluyuz. Hedefimiz \u015fampiyonluk. \u0130n\u015fallah sezon sonunda bunu ba\u015faraca\u011f\u0131z. Futbolcular\u0131m\u0131z ve taraftarlar\u0131m\u0131z buna inan\u0131yor&#8221; dedi.<br \/><\/p>\n","protected":false},"excerpt":{"rendered":"<p>1 ma\u011flup ederek yoluna kay\u0131ps\u0131z devam etti. Bu galibiyetle puan\u0131n\u0131 9\u2019a y\u00fckselten Selendi temsilcisi, averajla grubunda 2. s\u0131radaki yerini korudu. Ge\u00e7ti\u011fimiz sezon S\u00fcper Amat\u00f6r K\u00fcme\u2019den d\u00fc\u015fen Selendi Belediye Spor, yeni sezona adeta f\u0131rt\u0131na gibi ba\u015flad\u0131. Ligin ilk haftas\u0131nda deplasmanda Killik Spor\u2019u 3-0 ma\u011flup eden Selendi ekibi, ikinci haftada sahas\u0131nda konuk etti\u011fi Trazlar Spor kar\u015f\u0131s\u0131nda 77&#8230;.<\/p>\n","protected":false},"author":1,"featured_media":74165,"comment_status":"open","ping_status":"open","sticky":false,"template":"","format":"standard","meta":{"_crdt_document":"","footnotes":""},"categories":[4],"tags":[],"class_list":["post-74164","post","type-post","status-publish","format-standard","has-post-thumbnail","hentry","category-spor"],"_links":{"self":[{"href":"https:\/\/www.egemtv.com\/index.php?rest_route=\/wp\/v2\/posts\/74164","targetHints":{"allow":["GET"]}}],"collection":[{"href":"https:\/\/www.egemtv.com\/index.php?rest_route=\/wp\/v2\/posts"}],"about":[{"href":"https:\/\/www.egemtv.com\/index.php?rest_route=\/wp\/v2\/types\/post"}],"author":[{"embeddable":true,"href":"https:\/\/www.egemtv.com\/index.php?rest_route=\/wp\/v2\/users\/1"}],"replies":[{"embeddable":true,"href":"https:\/\/www.egemtv.com\/index.php?rest_route=%2Fwp%2Fv2%2Fcomments&post=74164"}],"version-history":[{"count":1,"href":"https:\/\/www.egemtv.com\/index.php?rest_route=\/wp\/v2\/posts\/74164\/revisions"}],"predecessor-version":[{"id":74166,"href":"https:\/\/www.egemtv.com\/index.php?rest_route=\/wp\/v2\/posts\/74164\/revisions\/74166"}],"wp:featuredmedia":[{"embeddable":true,"href":"https:\/\/www.egemtv.com\/index.php?rest_route=\/wp\/v2\/media\/74165"}],"wp:attachment":[{"href":"https:\/\/www.egemtv.com\/index.php?rest_route=%2Fwp%2Fv2%2Fmedia&parent=74164"}],"wp:term":[{"taxonomy":"category","embeddable":true,"href":"https:\/\/www.egemtv.com\/index.php?rest_route=%2Fwp%2Fv2%2Fcategories&post=74164"},{"taxonomy":"post_tag","embeddable":true,"href":"https:\/\/www.egemtv.com\/index.php?rest_route=%2Fwp%2Fv2%2Ftags&post=74164"}],"curies":[{"name":"wp","href":"https:\/\/api.w.org\/{rel}","templated":true}]}}