{"id":74161,"date":"2025-12-14T17:35:13","date_gmt":"2025-12-14T14:35:13","guid":{"rendered":"https:\/\/www.egemtv.com\/?p=74161"},"modified":"2025-12-14T17:35:14","modified_gmt":"2025-12-14T14:35:14","slug":"baskan-balaban-ucpinar-sakinleriyle-bulustu","status":"publish","type":"post","link":"https:\/\/www.egemtv.com\/?p=74161","title":{"rendered":"Ba\u015fkan Balaban \u00dc\u00e7p\u0131nar sakinleriyle bulu\u015ftu"},"content":{"rendered":"<p>Yunusemre Belediye Ba\u015fkan\u0131 Semih Balaban, mahalle ziyaretleri kapsam\u0131nda \u00dc\u00e7p\u0131nar Mahallesi\u2019nde vatanda\u015flarla bir araya geldi. Ba\u015fkan Balaban, mahalle sakinlerinin talep ve \u00f6nerilerini dinlerken, y\u00fcr\u00fct\u00fclen ve planlanan \u00e7al\u0131\u015fmalar hakk\u0131nda da bilgi verdi.<br \/>\n<br \/>Mahalle ziyaretlerine ara vermeden devam eden Yunusemre Belediye Ba\u015fkan\u0131 Semih Balaban, \u00dc\u00e7p\u0131nar\u2019da vatanda\u015flarla bulu\u015ftu. Ziyarette Ba\u015fkan Balaban\u2019a Belediye Ba\u015fkan Yard\u0131mc\u0131s\u0131 Yusuf Ata\u00e7, Belediye Meclis \u00dcyesi Mehmet Sarg\u0131n, \u00dc\u00e7p\u0131nar Mahallesi eski belediye ba\u015fkan\u0131 Yasin Halat ve Mahalle Muhtar\u0131 Levent Ay e\u015flik etti.<br \/>\n<br \/>Mahallede yap\u0131lan hizmetler ve \u00f6n\u00fcm\u00fczdeki d\u00f6nemde hayata ge\u00e7irilmesi planlanan projelerin ele al\u0131nd\u0131\u011f\u0131 ziyarette vatanda\u015flar\u0131n talepleri de not al\u0131nd\u0131. Mahalle sakinleriyle sohbet eden Belediye Ba\u015fkan\u0131 Semih Balaban, Yunusemre\u2019nin her mahallesine e\u015fit hizmet g\u00f6t\u00fcrmek i\u00e7in sahada olduklar\u0131n\u0131 vurgulayarak, vatanda\u015flar\u0131n g\u00f6r\u00fc\u015f ve \u00f6nerilerinin kendileri i\u00e7in son derece k\u0131ymetli oldu\u011funu ifade etti. Ba\u015fkan Balaban, bu do\u011frultuda mahalle ziyaretlerine devam edeceklerini belirtti.<br \/><\/p>\n","protected":false},"excerpt":{"rendered":"<p>Yunusemre Belediye Ba\u015fkan\u0131 Semih Balaban, mahalle ziyaretleri kapsam\u0131nda \u00dc\u00e7p\u0131nar Mahallesi\u2019nde vatanda\u015flarla bir araya geldi. Ba\u015fkan Balaban, mahalle sakinlerinin talep ve \u00f6nerilerini dinlerken, y\u00fcr\u00fct\u00fclen ve planlanan \u00e7al\u0131\u015fmalar hakk\u0131nda da bilgi verdi. Mahalle ziyaretlerine ara vermeden devam eden Yunusemre Belediye Ba\u015fkan\u0131 Semih Balaban, \u00dc\u00e7p\u0131nar\u2019da vatanda\u015flarla bulu\u015ftu. Ziyarette Ba\u015fkan Balaban\u2019a Belediye Ba\u015fkan Yard\u0131mc\u0131s\u0131 Yusuf Ata\u00e7, Belediye Meclis \u00dcyesi&#8230;<\/p>\n","protected":false},"author":1,"featured_media":74162,"comment_status":"open","ping_status":"open","sticky":false,"template":"","format":"standard","meta":{"_crdt_document":"","footnotes":""},"categories":[127],"tags":[],"class_list":["post-74161","post","type-post","status-publish","format-standard","has-post-thumbnail","hentry","category-siyaset"],"_links":{"self":[{"href":"https:\/\/www.egemtv.com\/index.php?rest_route=\/wp\/v2\/posts\/74161","targetHints":{"allow":["GET"]}}],"collection":[{"href":"https:\/\/www.egemtv.com\/index.php?rest_route=\/wp\/v2\/posts"}],"about":[{"href":"https:\/\/www.egemtv.com\/index.php?rest_route=\/wp\/v2\/types\/post"}],"author":[{"embeddable":true,"href":"https:\/\/www.egemtv.com\/index.php?rest_route=\/wp\/v2\/users\/1"}],"replies":[{"embeddable":true,"href":"https:\/\/www.egemtv.com\/index.php?rest_route=%2Fwp%2Fv2%2Fcomments&post=74161"}],"version-history":[{"count":1,"href":"https:\/\/www.egemtv.com\/index.php?rest_route=\/wp\/v2\/posts\/74161\/revisions"}],"predecessor-version":[{"id":74163,"href":"https:\/\/www.egemtv.com\/index.php?rest_route=\/wp\/v2\/posts\/74161\/revisions\/74163"}],"wp:featuredmedia":[{"embeddable":true,"href":"https:\/\/www.egemtv.com\/index.php?rest_route=\/wp\/v2\/media\/74162"}],"wp:attachment":[{"href":"https:\/\/www.egemtv.com\/index.php?rest_route=%2Fwp%2Fv2%2Fmedia&parent=74161"}],"wp:term":[{"taxonomy":"category","embeddable":true,"href":"https:\/\/www.egemtv.com\/index.php?rest_route=%2Fwp%2Fv2%2Fcategories&post=74161"},{"taxonomy":"post_tag","embeddable":true,"href":"https:\/\/www.egemtv.com\/index.php?rest_route=%2Fwp%2Fv2%2Ftags&post=74161"}],"curies":[{"name":"wp","href":"https:\/\/api.w.org\/{rel}","templated":true}]}}