{"id":7413,"date":"2025-01-13T10:11:33","date_gmt":"2025-01-13T07:11:33","guid":{"rendered":"https:\/\/www.egemtv.com\/?p=7413"},"modified":"2025-01-13T10:11:37","modified_gmt":"2025-01-13T07:11:37","slug":"ege-universitesi-bolgede-1inci-turkiyede-3uncu","status":"publish","type":"post","link":"https:\/\/www.egemtv.com\/?p=7413","title":{"rendered":"Ege \u00dcniversitesi, b\u00f6lgede 1\u2019inci T\u00fcrkiye\u2019de 3\u2019\u00fcnc\u00fc"},"content":{"rendered":"<p>Ege \u00dcniversitesi \u00f6\u011frenci topluluklar\u0131n\u0131n haz\u0131rlad\u0131\u011f\u0131 21 proje, Gen\u00e7lik ve Spor Bakanl\u0131\u011f\u0131\u2019n\u0131n \u00dcN\u0130DES program\u0131 kapsam\u0131nda destek almaya hak kazand\u0131.<br \/>\n<br \/>Gen\u00e7lik ve Spor Bakanl\u0131\u011f\u0131 Gen\u00e7lik Hizmetleri Genel M\u00fcd\u00fcrl\u00fc\u011f\u00fc taraf\u0131ndan y\u00fcr\u00fct\u00fclen \u00dcniversite \u00d6\u011frenci Topluluklar\u0131 \u0130\u015f Birli\u011fi ve Destek Program\u0131 (\u00dcN\u0130DES) kapsam\u0131nda, 2024-2025 y\u0131l\u0131 2. d\u00f6nem ba\u015fvuru sonu\u00e7lar\u0131 a\u00e7\u0131kland\u0131. Ege \u00dcniversitesi \u00f6\u011frenci topluluklar\u0131n\u0131n haz\u0131rlad\u0131\u011f\u0131 21 proje desteklenmeye uygun bulundu.<br \/>\n<br \/>Ege \u00dcniversitesi Rekt\u00f6r\u00fc Prof. Dr. Necdet Budak, \u201cGen\u00e7 ofislerin \u00fcniversite \u00f6\u011frenci topluluklar\u0131yla etkile\u015fimlerini art\u0131rmay\u0131 ve gen\u00e7lerin geli\u015fimine katk\u0131 sa\u011flamay\u0131 hedefleyen \u00dcN\u0130DES program kapsam\u0131nda \u00f6nemli bir ba\u015far\u0131ya imza atman\u0131n gururunu ya\u015f\u0131yoruz. Tam akreditasyona sahip, \u00f6\u011frenci odakl\u0131l\u0131kta \u00f6d\u00fcll\u00fc, sa\u011fl\u0131k temal\u0131 ara\u015ft\u0131rma \u00fcniversitemizin 21 projesi hibe almaya hak kazand\u0131. Bu ba\u015far\u0131 bug\u00fcne karar y\u00fcr\u00fctt\u00fc\u011f\u00fcn\u00fcz \u00f6\u011frenci odakl\u0131 \u00e7al\u0131\u015fmalar\u0131m\u0131z\u0131n meyvesidir. \u00d6\u011frencilerimizi ve dan\u0131\u015fman akademisyenlerimizi tebrik ediyorum\u201d diye konu\u015ftu.<br \/>\n<br \/>\u00dcN\u0130DES program\u0131nda elde edilen bu ba\u015far\u0131n\u0131n \u00f6nemli oldu\u011funu ifade eden Rekt\u00f6r Prof. Dr. Necdet Budak, \u201cOlu\u015fturdu\u011fumuz bilim \u00fcretme ekosisteminin en \u00f6nemli payda\u015f\u0131 olarak g\u00f6rd\u00fc\u011f\u00fcm\u00fcz \u00f6\u011frencilerimize y\u00f6nelik \u00e7al\u0131\u015fmalar\u0131m\u0131z\u0131 aral\u0131ks\u0131z s\u00fcrd\u00fcr\u00fcyoruz. T\u00fcm birimlerimiz ile e\u015fg\u00fcd\u00fcm halinde \u00f6\u011frenci odakl\u0131 projelerimize devam ediyoruz. Hep s\u00f6yledi\u011fim gibi bizim \u00fcniversitede var olu\u015f sebebimiz \u00f6\u011frencilerimiz oldu\u011funu bilerek 90\u2019dan fazla \u00f6\u011frenci odakl\u0131 uygulamay\u0131 hayata ge\u00e7irdik. \u00d6\u011frenci topluluk say\u0131m\u0131z\u0131 51\u2019den 93\u2019e, \u00fcye say\u0131s\u0131n\u0131 da 8 binden 35 bine \u00e7\u0131kard\u0131k. E\u011fitim \u00f6\u011fretim ba\u015fta olmak \u00fczere sosyal, k\u00fclt\u00fcrel ve sportif alanlarda \u00f6\u011frencilerimizin geli\u015fimlerini \u00f6nemli buluyoruz. Ayr\u0131ca gen\u00e7lerin ara\u015ft\u0131rma k\u00fclt\u00fcr\u00fcn\u00fc \u00fcniversiteye ilk ad\u0131mlar\u0131 ile birlikte edinmelerini istiyoruz. Bu kapsamda \u00f6\u011frencilerimizin proje haz\u0131rlama s\u00fcre\u00e7lerinde yer almalar\u0131 i\u00e7in Ara\u015ft\u0131rma Odakl\u0131 \u00d6\u011frenci Merkezini kurduk. Burada gen\u00e7lerimize Ar-Ge k\u00fclt\u00fcr\u00fc kazand\u0131r\u0131yoruz. AROM\u2019da hocalar\u0131 dan\u0131\u015fmanl\u0131\u011fa nitelikli projelere imza atan \u00f6\u011frenci topluluklar\u0131m\u0131z\u0131n 21 projesi, Gen\u00e7lik ve Spor Bakanl\u0131\u011f\u0131\u2019n\u0131n \u00dcN\u0130DES program\u0131 kapsam\u0131nda destek almaya hak kazand\u0131. \u00dcniversitemiz Ege b\u00f6lgesinde 1\u2019inci \u00fclkemiz genelinde ise 3\u2019\u00fcnc\u00fc s\u0131rada yer ald\u0131.  Gen\u00e7lerimizin bilgi ve teknoloji geli\u015ftirmeleri,  proje haz\u0131rlamalar\u0131, bu projeleri tescilleyerek ticarile\u015ftirmeleri i\u00e7in e\u011fitimlerimize devam edece\u011fiz.  \u00d6\u011frenci odakl\u0131 y\u00f6netim anlay\u0131\u015f\u0131m\u0131z\u0131n gere\u011fi olarak ara\u015ft\u0131rma k\u00fclt\u00fcr\u00fc ve   giri\u015fimcilik ekosistemimizi \u00f6\u011frencilerimizle el ele vererek daha ileriye ta\u015f\u0131yaca\u011f\u0131z.  \u00dcniversitemizin bilimsel altyap\u0131s\u0131n\u0131 ve ara\u015ft\u0131rma kapasitesini daha ileriye ta\u015f\u0131mak i\u00e7in ba\u015fta \u00f6\u011frencilerimiz olmak \u00fczere t\u00fcm payda\u015flar\u0131m\u0131zla birlikte \u00e7al\u0131\u015fmaya, \u00fcretmeye devam edece\u011fiz\u201d dedi.<br \/>\n<br \/>T\u00fcrkiye genelinde 131 \u00fcniversitenin 182 ulusal, 519 yerel olmak \u00fczere toplamda 701 projeye 41 milyon 441bin 657 TL destek verildi.  Desteklenen projeler; bilim ve teknoloji, g\u00fczel sanatlar, spor ve sa\u011fl\u0131kl\u0131 ya\u015fam, ki\u015fisel ve sosyal geli\u015fim, i\u015f birli\u011fi programlar\u0131, uluslararas\u0131 \u00e7al\u0131\u015fmalar ve daha bir\u00e7ok alanda gen\u00e7lerin geli\u015fimine katk\u0131 sa\u011flayacak.<br \/>\n<br \/><img fetchpriority=\"high\" decoding=\"async\" width=\"1280\" height=\"666\" src=\"https:\/\/www.egemtv.com\/wp-content\/uploads\/2025\/01\/ege-universitesi-bolgede-1inci-turkiyede-3uncu_73355f1e0c66.jpg\" class=\"attachment-full size-full not-transparent\" alt=\"\" data-has-transparency=\"false\" data-dominant-color=\"898790\" style=\"--dominant-color: #898790\" \/><img decoding=\"async\" width=\"1280\" height=\"853\" src=\"https:\/\/www.egemtv.com\/wp-content\/uploads\/2025\/01\/ege-universitesi-bolgede-1inci-turkiyede-3uncu_3348438fbb04.jpg\" class=\"attachment-full size-full not-transparent\" alt=\"\" data-has-transparency=\"false\" data-dominant-color=\"5f5c5f\" style=\"--dominant-color: #5f5c5f\" \/><\/p>\n","protected":false},"excerpt":{"rendered":"<p>Ege \u00dcniversitesi \u00f6\u011frenci topluluklar\u0131n\u0131n haz\u0131rlad\u0131\u011f\u0131 21 proje, Gen\u00e7lik ve Spor Bakanl\u0131\u011f\u0131\u2019n\u0131n \u00dcN\u0130DES program\u0131 kapsam\u0131nda destek almaya hak kazand\u0131. Gen\u00e7lik ve Spor Bakanl\u0131\u011f\u0131 Gen\u00e7lik Hizmetleri Genel M\u00fcd\u00fcrl\u00fc\u011f\u00fc taraf\u0131ndan y\u00fcr\u00fct\u00fclen \u00dcniversite \u00d6\u011frenci Topluluklar\u0131 \u0130\u015f Birli\u011fi ve Destek Program\u0131 (\u00dcN\u0130DES) kapsam\u0131nda, 2024-2025 y\u0131l\u0131 2. d\u00f6nem ba\u015fvuru sonu\u00e7lar\u0131 a\u00e7\u0131kland\u0131. Ege \u00dcniversitesi \u00f6\u011frenci topluluklar\u0131n\u0131n haz\u0131rlad\u0131\u011f\u0131 21 proje desteklenmeye uygun bulundu&#8230;.<\/p>\n","protected":false},"author":1,"featured_media":7414,"comment_status":"open","ping_status":"open","sticky":false,"template":"","format":"standard","meta":{"_crdt_document":"","footnotes":""},"categories":[1],"tags":[],"class_list":["post-7413","post","type-post","status-publish","format-standard","has-post-thumbnail","hentry","category-guncel"],"_links":{"self":[{"href":"https:\/\/www.egemtv.com\/index.php?rest_route=\/wp\/v2\/posts\/7413","targetHints":{"allow":["GET"]}}],"collection":[{"href":"https:\/\/www.egemtv.com\/index.php?rest_route=\/wp\/v2\/posts"}],"about":[{"href":"https:\/\/www.egemtv.com\/index.php?rest_route=\/wp\/v2\/types\/post"}],"author":[{"embeddable":true,"href":"https:\/\/www.egemtv.com\/index.php?rest_route=\/wp\/v2\/users\/1"}],"replies":[{"embeddable":true,"href":"https:\/\/www.egemtv.com\/index.php?rest_route=%2Fwp%2Fv2%2Fcomments&post=7413"}],"version-history":[{"count":1,"href":"https:\/\/www.egemtv.com\/index.php?rest_route=\/wp\/v2\/posts\/7413\/revisions"}],"predecessor-version":[{"id":7417,"href":"https:\/\/www.egemtv.com\/index.php?rest_route=\/wp\/v2\/posts\/7413\/revisions\/7417"}],"wp:featuredmedia":[{"embeddable":true,"href":"https:\/\/www.egemtv.com\/index.php?rest_route=\/wp\/v2\/media\/7414"}],"wp:attachment":[{"href":"https:\/\/www.egemtv.com\/index.php?rest_route=%2Fwp%2Fv2%2Fmedia&parent=7413"}],"wp:term":[{"taxonomy":"category","embeddable":true,"href":"https:\/\/www.egemtv.com\/index.php?rest_route=%2Fwp%2Fv2%2Fcategories&post=7413"},{"taxonomy":"post_tag","embeddable":true,"href":"https:\/\/www.egemtv.com\/index.php?rest_route=%2Fwp%2Fv2%2Ftags&post=7413"}],"curies":[{"name":"wp","href":"https:\/\/api.w.org\/{rel}","templated":true}]}}