{"id":74119,"date":"2025-12-14T12:34:56","date_gmt":"2025-12-14T09:34:56","guid":{"rendered":"https:\/\/www.egemtv.com\/?p=74119"},"modified":"2025-12-14T12:34:57","modified_gmt":"2025-12-14T09:34:57","slug":"baybaturdan-yanan-orman-alanlarina-bin-fidan","status":"publish","type":"post","link":"https:\/\/www.egemtv.com\/?p=74119","title":{"rendered":"Baybatur\u2019dan yanan orman alanlar\u0131na bin fidan"},"content":{"rendered":"<p>AK Parti Manisa Milletvekili Murat Baybatur, &#8220;Ad\u0131m\u0131z Karde\u015flik, Soyad\u0131m\u0131z T\u00fcrkiye&#8221; program\u0131 kapsam\u0131nda Manisa\u2019da orman yang\u0131nlar\u0131ndan etkilenen alanlar i\u00e7in 1000 fidan\u0131 toprakla bulu\u015fturdu.<br \/>\n<br \/>AK Parti Manisa Milletvekili Murat Baybatur taraf\u0131ndan, Yunusemre il\u00e7esine ba\u011fl\u0131 Yukar\u0131kayap\u0131nar Mahallesi\u2019nde ge\u00e7ti\u011fimiz temmuz ay\u0131nda meydana gelen orman yang\u0131n\u0131nda zarar g\u00f6ren alanlarda fidan dikim \u00e7al\u0131\u015fmas\u0131 ger\u00e7ekle\u015ftirildi.<br \/>\n<br \/>&#8220;Ad\u0131m\u0131z Karde\u015flik, Soyad\u0131m\u0131z T\u00fcrkiye&#8221; program\u0131na kat\u0131lan her davetli ad\u0131na yakla\u015f\u0131k 1000 fidan\u0131n toprakla bulu\u015fturulmas\u0131n\u0131n hedeflendi\u011fi Manisa\u2019daki programa, ad\u0131na bin fidan dikilen AK Parti Manisa Milletvekili Murat Baybatur, Manisa Orman \u0130\u015fletme M\u00fcd\u00fcr\u00fc Fatih \u00d6zt\u00fcrk, Manisa Orman \u0130\u015fletme M\u00fcd\u00fcrl\u00fc\u011f\u00fc Merkez Orman \u0130\u015fletme \u015eefi Mehmet \u00c7etin Cidani, orman i\u015fletme personelleri kat\u0131ld\u0131.<br \/>\n<br \/>Fidan dikim program\u0131nda a\u00e7\u0131klamalarda bulunan Baybatur, Manisa Orman \u0130\u015fletme M\u00fcd\u00fcrl\u00fc\u011f\u00fc ekiplerinin yanan alanlarda yeniden ye\u015fillendirme \u00e7al\u0131\u015fmalar\u0131n\u0131 aral\u0131ks\u0131z s\u00fcrd\u00fcrd\u00fc\u011f\u00fcn\u00fc ifade ederek, &#8220;Manisa Orman \u0130\u015fletme M\u00fcd\u00fcrl\u00fc\u011f\u00fc ekiplerimiz taraf\u0131ndan yanan her alan i\u00e7in fidan dikim \u00e7al\u0131\u015fmalar\u0131 son h\u0131z\u0131yla devam ediyor. Bizler de \u2018Ad\u0131m\u0131z Karde\u015flik, Soyad\u0131m\u0131z T\u00fcrkiye\u2019 program\u0131 kapsam\u0131nda her bir davetlimiz ad\u0131na fidan dikiyor, do\u011fam\u0131za sahip \u00e7\u0131k\u0131yor ve gelece\u011fe umut b\u0131rak\u0131yoruz. Bu memleket hepimizin ve hepimizin do\u011faya g\u00fczel katk\u0131lar b\u0131rakmas\u0131 gerekiyor. B\u00fcy\u00fcyen her fidan ile umutlar\u0131m\u0131z ve karde\u015fli\u011fimiz de b\u00fcy\u00fcyecek.&#8221; dedi.<br \/>\n<br \/>Dikilen fidanlarla birlikte yang\u0131ndan zarar g\u00f6ren alanlar\u0131n yeniden ye\u015fertilmesinin hedefleniyor.<br \/><\/p>\n","protected":false},"excerpt":{"rendered":"<p>AK Parti Manisa Milletvekili Murat Baybatur, &#8220;Ad\u0131m\u0131z Karde\u015flik, Soyad\u0131m\u0131z T\u00fcrkiye&#8221; program\u0131 kapsam\u0131nda Manisa\u2019da orman yang\u0131nlar\u0131ndan etkilenen alanlar i\u00e7in 1000 fidan\u0131 toprakla bulu\u015fturdu. AK Parti Manisa Milletvekili Murat Baybatur taraf\u0131ndan, Yunusemre il\u00e7esine ba\u011fl\u0131 Yukar\u0131kayap\u0131nar Mahallesi\u2019nde ge\u00e7ti\u011fimiz temmuz ay\u0131nda meydana gelen orman yang\u0131n\u0131nda zarar g\u00f6ren alanlarda fidan dikim \u00e7al\u0131\u015fmas\u0131 ger\u00e7ekle\u015ftirildi. &#8220;Ad\u0131m\u0131z Karde\u015flik, Soyad\u0131m\u0131z T\u00fcrkiye&#8221; program\u0131na kat\u0131lan her&#8230;<\/p>\n","protected":false},"author":1,"featured_media":74120,"comment_status":"open","ping_status":"open","sticky":false,"template":"","format":"standard","meta":{"_crdt_document":"","footnotes":""},"categories":[1],"tags":[],"class_list":["post-74119","post","type-post","status-publish","format-standard","has-post-thumbnail","hentry","category-guncel"],"_links":{"self":[{"href":"https:\/\/www.egemtv.com\/index.php?rest_route=\/wp\/v2\/posts\/74119","targetHints":{"allow":["GET"]}}],"collection":[{"href":"https:\/\/www.egemtv.com\/index.php?rest_route=\/wp\/v2\/posts"}],"about":[{"href":"https:\/\/www.egemtv.com\/index.php?rest_route=\/wp\/v2\/types\/post"}],"author":[{"embeddable":true,"href":"https:\/\/www.egemtv.com\/index.php?rest_route=\/wp\/v2\/users\/1"}],"replies":[{"embeddable":true,"href":"https:\/\/www.egemtv.com\/index.php?rest_route=%2Fwp%2Fv2%2Fcomments&post=74119"}],"version-history":[{"count":1,"href":"https:\/\/www.egemtv.com\/index.php?rest_route=\/wp\/v2\/posts\/74119\/revisions"}],"predecessor-version":[{"id":74121,"href":"https:\/\/www.egemtv.com\/index.php?rest_route=\/wp\/v2\/posts\/74119\/revisions\/74121"}],"wp:featuredmedia":[{"embeddable":true,"href":"https:\/\/www.egemtv.com\/index.php?rest_route=\/wp\/v2\/media\/74120"}],"wp:attachment":[{"href":"https:\/\/www.egemtv.com\/index.php?rest_route=%2Fwp%2Fv2%2Fmedia&parent=74119"}],"wp:term":[{"taxonomy":"category","embeddable":true,"href":"https:\/\/www.egemtv.com\/index.php?rest_route=%2Fwp%2Fv2%2Fcategories&post=74119"},{"taxonomy":"post_tag","embeddable":true,"href":"https:\/\/www.egemtv.com\/index.php?rest_route=%2Fwp%2Fv2%2Ftags&post=74119"}],"curies":[{"name":"wp","href":"https:\/\/api.w.org\/{rel}","templated":true}]}}