{"id":74116,"date":"2025-12-14T12:34:55","date_gmt":"2025-12-14T09:34:55","guid":{"rendered":"https:\/\/www.egemtv.com\/?p=74116"},"modified":"2025-12-14T12:34:56","modified_gmt":"2025-12-14T09:34:56","slug":"baskan-zencirci-kurallara-uymayana-musamaha-yok","status":"publish","type":"post","link":"https:\/\/www.egemtv.com\/?p=74116","title":{"rendered":"Ba\u015fkan Zencirci: &#8220;Kurallara uymayana m\u00fcsamaha yok&#8221;"},"content":{"rendered":"<p>Germencik Belediyesi zab\u0131ta ekipleri taraf\u0131ndan pazar yerlerinde ger\u00e7ekle\u015ftirilen rutin denetimlerde, izinsiz ve mevzuata ayk\u0131r\u0131 \u015fekilde g\u0131da sat\u0131\u015f\u0131 yapan \u015fah\u0131slara y\u00f6nelik i\u015flem yap\u0131ld\u0131.<\/p>\n<p>Denetimler s\u0131ras\u0131nda halk sa\u011fl\u0131\u011f\u0131n\u0131 tehdit eden uygulamalara kesinlikle m\u00fcsamaha g\u00f6sterilmedi\u011fini belirten Germencik Belediye Ba\u015fkan\u0131 Burak Zencirci, izinsiz sat\u0131\u015f yapt\u0131\u011f\u0131 tespit edilen ki\u015filerin \u00f6nce uyar\u0131ld\u0131\u011f\u0131n\u0131, uyar\u0131lara ra\u011fmen sat\u0131\u015fa devam edenlerin ise tezgahlar\u0131n\u0131n kapat\u0131larak faaliyetten men edildi\u011fini ifade etti. Zencirci, tespit edilen olumsuzluklarla ilgili olarak \u0130l\u00e7e Tar\u0131m ve Orman M\u00fcd\u00fcrl\u00fc\u011f\u00fc\u2019ne de gerekli bilgilendirmenin yap\u0131ld\u0131\u011f\u0131n\u0131 kaydetti. Vatanda\u015flar\u0131n sa\u011fl\u0131kl\u0131 ve g\u00fcvenli g\u0131daya ula\u015fmas\u0131n\u0131n \u00f6ncelikleri oldu\u011funu vurgulayan Zencirci, pazar yerlerindeki denetimlerin aral\u0131ks\u0131z devam edece\u011fini, kurallara uymayan ki\u015fi ve i\u015fletmelere y\u00f6nelik gerekli t\u00fcm i\u015flemlerin kararl\u0131l\u0131kla uygulanaca\u011f\u0131n\u0131 dile getirdi.<\/p>\n<p>Germencik Belediye Ba\u015fkan\u0131 Burak Zencirci konuyla ilgili sosyal medya hesab\u0131ndan yapt\u0131\u011f\u0131 payla\u015f\u0131mda, &#8220;Zab\u0131ta ekiplerimiz taraf\u0131ndan pazar yerlerinde ger\u00e7ekle\u015ftirilen rutin denetimlerde, izinsiz ve mevzuata ayk\u0131r\u0131 \u015fekilde g\u0131da sat\u0131\u015f\u0131 yapt\u0131\u011f\u0131 tespit edilen \u015fah\u0131slar uyar\u0131lm\u0131\u015f, halk sa\u011fl\u0131\u011f\u0131n\u0131 tehdit eden bu durumlara kesinlikle m\u00fcsamaha g\u00f6sterilmemi\u015ftir. Yap\u0131lan uyar\u0131lara ra\u011fmen sat\u0131\u015fa devam edenlerin tezgahlar\u0131 kapat\u0131larak faaliyetten men edilmi\u015ftir.<br \/>\n<br \/>Tespit edilen olumsuzluklarla ilgili olarak \u0130l\u00e7e Tar\u0131m ve Orman M\u00fcd\u00fcrl\u00fc\u011f\u00fc\u2019ne de gerekli bilgilendirme yap\u0131lm\u0131\u015ft\u0131r. Vatanda\u015flar\u0131m\u0131z\u0131n sa\u011fl\u0131kl\u0131 ve g\u00fcvenli g\u0131daya ula\u015fabilmesi i\u00e7in pazar denetimlerimiz aral\u0131ks\u0131z devam edecektir. Kurallara uymayan ki\u015fi ve i\u015fletmelere y\u00f6nelik gerekli t\u00fcm i\u015flemler kararl\u0131l\u0131kla uygulanacakt\u0131r&#8221; ifadelerine yer verdi.<br \/><\/p>\n","protected":false},"excerpt":{"rendered":"<p>Germencik Belediyesi zab\u0131ta ekipleri taraf\u0131ndan pazar yerlerinde ger\u00e7ekle\u015ftirilen rutin denetimlerde, izinsiz ve mevzuata ayk\u0131r\u0131 \u015fekilde g\u0131da sat\u0131\u015f\u0131 yapan \u015fah\u0131slara y\u00f6nelik i\u015flem yap\u0131ld\u0131. Denetimler s\u0131ras\u0131nda halk sa\u011fl\u0131\u011f\u0131n\u0131 tehdit eden uygulamalara kesinlikle m\u00fcsamaha g\u00f6sterilmedi\u011fini belirten Germencik Belediye Ba\u015fkan\u0131 Burak Zencirci, izinsiz sat\u0131\u015f yapt\u0131\u011f\u0131 tespit edilen ki\u015filerin \u00f6nce uyar\u0131ld\u0131\u011f\u0131n\u0131, uyar\u0131lara ra\u011fmen sat\u0131\u015fa devam edenlerin ise tezgahlar\u0131n\u0131n kapat\u0131larak faaliyetten&#8230;<\/p>\n","protected":false},"author":1,"featured_media":74117,"comment_status":"open","ping_status":"open","sticky":false,"template":"","format":"standard","meta":{"_crdt_document":"","footnotes":""},"categories":[1],"tags":[],"class_list":["post-74116","post","type-post","status-publish","format-standard","has-post-thumbnail","hentry","category-guncel"],"_links":{"self":[{"href":"https:\/\/www.egemtv.com\/index.php?rest_route=\/wp\/v2\/posts\/74116","targetHints":{"allow":["GET"]}}],"collection":[{"href":"https:\/\/www.egemtv.com\/index.php?rest_route=\/wp\/v2\/posts"}],"about":[{"href":"https:\/\/www.egemtv.com\/index.php?rest_route=\/wp\/v2\/types\/post"}],"author":[{"embeddable":true,"href":"https:\/\/www.egemtv.com\/index.php?rest_route=\/wp\/v2\/users\/1"}],"replies":[{"embeddable":true,"href":"https:\/\/www.egemtv.com\/index.php?rest_route=%2Fwp%2Fv2%2Fcomments&post=74116"}],"version-history":[{"count":1,"href":"https:\/\/www.egemtv.com\/index.php?rest_route=\/wp\/v2\/posts\/74116\/revisions"}],"predecessor-version":[{"id":74118,"href":"https:\/\/www.egemtv.com\/index.php?rest_route=\/wp\/v2\/posts\/74116\/revisions\/74118"}],"wp:featuredmedia":[{"embeddable":true,"href":"https:\/\/www.egemtv.com\/index.php?rest_route=\/wp\/v2\/media\/74117"}],"wp:attachment":[{"href":"https:\/\/www.egemtv.com\/index.php?rest_route=%2Fwp%2Fv2%2Fmedia&parent=74116"}],"wp:term":[{"taxonomy":"category","embeddable":true,"href":"https:\/\/www.egemtv.com\/index.php?rest_route=%2Fwp%2Fv2%2Fcategories&post=74116"},{"taxonomy":"post_tag","embeddable":true,"href":"https:\/\/www.egemtv.com\/index.php?rest_route=%2Fwp%2Fv2%2Ftags&post=74116"}],"curies":[{"name":"wp","href":"https:\/\/api.w.org\/{rel}","templated":true}]}}