{"id":74113,"date":"2025-12-14T12:14:43","date_gmt":"2025-12-14T09:14:43","guid":{"rendered":"https:\/\/www.egemtv.com\/?p=74113"},"modified":"2025-12-14T12:14:44","modified_gmt":"2025-12-14T09:14:44","slug":"kocagurlu-ogrenciler-yoruk-ali-efe-muzesinde-tarih-yolculuguna-cikti","status":"publish","type":"post","link":"https:\/\/www.egemtv.com\/?p=74113","title":{"rendered":"Kocag\u00fcrl\u00fc \u00f6\u011frenciler Y\u00f6r\u00fck Ali Efe M\u00fczesi\u2019nde tarih yolculu\u011funa \u00e7\u0131kt\u0131"},"content":{"rendered":"<p>Ayd\u0131n\u2019\u0131n Efeler il\u00e7esine ba\u011fl\u0131 Kocag\u00fcr \u0130lkokulu\u2019nda e\u011fitim g\u00f6ren 2, 3 ve 4\u2019\u00fcnc\u00fc s\u0131n\u0131f \u00f6\u011frencileri, Yenipazar Y\u00f6r\u00fck Ali Efe M\u00fczesi\u2019ni ziyaret ederek milli m\u00fccadele tarihini yerinde \u00f6\u011frenme f\u0131rsat\u0131 buldu.<\/p>\n<p>E\u011fitici ve \u00f6\u011fretici nitelik ta\u015f\u0131yan gezi kapsam\u0131nda \u00f6\u011frenciler, Ayd\u0131n y\u00f6resinin simge isimlerinden Y\u00f6r\u00fck Ali Efe\u2019nin ya\u015fam\u0131, Kuva-y\u0131 Milliye\u2019deki rol\u00fc ve milli m\u00fccadele d\u00f6nemine ait tarihi objeler hakk\u0131nda bilgi ald\u0131. M\u00fcze gezisi s\u0131ras\u0131nda \u00f6\u011frenciler, sergilenen eserleri ilgiyle incelerken \u00f6\u011fretmenlerinden ve yetkililerden detayl\u0131 bilgiler edindi. Geziye verilen destekle ilgili a\u00e7\u0131klamalarda bulunan Kocag\u00fcr Mahalle Muhtar\u0131 Orhan Akranc\u0131, ula\u015f\u0131m deste\u011finin \u0130ncirliova Belediye Ba\u015fkan\u0131 Aytekin Kaya taraf\u0131ndan sa\u011fland\u0131\u011f\u0131n\u0131, Yenipazar Belediye Ba\u015fkan\u0131\u2019n\u0131n ise \u00f6\u011frencileri m\u00fczede a\u011f\u0131rlad\u0131\u011f\u0131n\u0131 ve \u00f6\u011frencileri m\u00fcze gezisinin ard\u0131ndan Yenipazar\u2019\u0131n y\u00f6resel lezzeti olan Yenipazar pidesiyle bulu\u015fturuldu\u011funu ifade etti.<\/p>\n<p>\u00c7ocuklar\u0131n gezi boyunca b\u00fcy\u00fck mutluluk ya\u015fad\u0131\u011f\u0131n\u0131 dile getiren Akranc\u0131, &#8220;\u00d6\u011frencilerimiz i\u00e7in \u00e7ok verimli ve unutamayacaklar\u0131 bir g\u00fcn oldu. Hem tarihlerini \u00f6\u011frendiler hem de g\u00fczel hat\u0131ralar biriktirdiler. Bu imkan\u0131 sa\u011flayan ve \u00e7ocuklar\u0131m\u0131zla yak\u0131ndan ilgilenen belediye ba\u015fkanlar\u0131m\u0131za \u015fahs\u0131m ve mahallem ad\u0131na te\u015fekk\u00fcr ediyorum&#8221; dedi.<\/p>\n<p>M\u00fcze gezisiyle birlikte \u00f6\u011frencilerin tarih bilincinin g\u00fc\u00e7lendirilmesi ve milli de\u011ferlerle bulu\u015fmas\u0131n\u0131n ama\u00e7land\u0131\u011f\u0131 etkinlik, g\u00fcn\u00fcn an\u0131s\u0131na \u00e7ekilen hat\u0131ra foto\u011fraflar\u0131yla sona erdi.<br \/><\/p>\n","protected":false},"excerpt":{"rendered":"<p>Ayd\u0131n\u2019\u0131n Efeler il\u00e7esine ba\u011fl\u0131 Kocag\u00fcr \u0130lkokulu\u2019nda e\u011fitim g\u00f6ren 2, 3 ve 4\u2019\u00fcnc\u00fc s\u0131n\u0131f \u00f6\u011frencileri, Yenipazar Y\u00f6r\u00fck Ali Efe M\u00fczesi\u2019ni ziyaret ederek milli m\u00fccadele tarihini yerinde \u00f6\u011frenme f\u0131rsat\u0131 buldu. E\u011fitici ve \u00f6\u011fretici nitelik ta\u015f\u0131yan gezi kapsam\u0131nda \u00f6\u011frenciler, Ayd\u0131n y\u00f6resinin simge isimlerinden Y\u00f6r\u00fck Ali Efe\u2019nin ya\u015fam\u0131, Kuva-y\u0131 Milliye\u2019deki rol\u00fc ve milli m\u00fccadele d\u00f6nemine ait tarihi objeler hakk\u0131nda&#8230;<\/p>\n","protected":false},"author":1,"featured_media":74114,"comment_status":"open","ping_status":"open","sticky":false,"template":"","format":"standard","meta":{"_crdt_document":"","footnotes":""},"categories":[1],"tags":[],"class_list":["post-74113","post","type-post","status-publish","format-standard","has-post-thumbnail","hentry","category-guncel"],"_links":{"self":[{"href":"https:\/\/www.egemtv.com\/index.php?rest_route=\/wp\/v2\/posts\/74113","targetHints":{"allow":["GET"]}}],"collection":[{"href":"https:\/\/www.egemtv.com\/index.php?rest_route=\/wp\/v2\/posts"}],"about":[{"href":"https:\/\/www.egemtv.com\/index.php?rest_route=\/wp\/v2\/types\/post"}],"author":[{"embeddable":true,"href":"https:\/\/www.egemtv.com\/index.php?rest_route=\/wp\/v2\/users\/1"}],"replies":[{"embeddable":true,"href":"https:\/\/www.egemtv.com\/index.php?rest_route=%2Fwp%2Fv2%2Fcomments&post=74113"}],"version-history":[{"count":1,"href":"https:\/\/www.egemtv.com\/index.php?rest_route=\/wp\/v2\/posts\/74113\/revisions"}],"predecessor-version":[{"id":74115,"href":"https:\/\/www.egemtv.com\/index.php?rest_route=\/wp\/v2\/posts\/74113\/revisions\/74115"}],"wp:featuredmedia":[{"embeddable":true,"href":"https:\/\/www.egemtv.com\/index.php?rest_route=\/wp\/v2\/media\/74114"}],"wp:attachment":[{"href":"https:\/\/www.egemtv.com\/index.php?rest_route=%2Fwp%2Fv2%2Fmedia&parent=74113"}],"wp:term":[{"taxonomy":"category","embeddable":true,"href":"https:\/\/www.egemtv.com\/index.php?rest_route=%2Fwp%2Fv2%2Fcategories&post=74113"},{"taxonomy":"post_tag","embeddable":true,"href":"https:\/\/www.egemtv.com\/index.php?rest_route=%2Fwp%2Fv2%2Ftags&post=74113"}],"curies":[{"name":"wp","href":"https:\/\/api.w.org\/{rel}","templated":true}]}}