{"id":74104,"date":"2025-12-14T10:54:59","date_gmt":"2025-12-14T07:54:59","guid":{"rendered":"https:\/\/www.egemtv.com\/?p=74104"},"modified":"2025-12-14T10:54:59","modified_gmt":"2025-12-14T07:54:59","slug":"aydinin-saglik-ussunde-sona-dogru","status":"publish","type":"post","link":"https:\/\/www.egemtv.com\/?p=74104","title":{"rendered":"Ayd\u0131n\u2019\u0131n sa\u011fl\u0131k \u00fcss\u00fcnde sona do\u011fru"},"content":{"rendered":"<p>Ayd\u0131n\u2019da b\u00f6lgenin en kapsaml\u0131 sa\u011fl\u0131k yat\u0131r\u0131mlar\u0131ndan biri olacak \u015fehir hastanesindeki \u00e7al\u0131\u015fmalar b\u00fcy\u00fck oranda tamamlan\u0131rken, modern altyap\u0131s\u0131 ve y\u00fcksek yatak kapasitesiyle kentin sa\u011fl\u0131k alan\u0131ndaki y\u00fck\u00fcn\u00fc \u00f6nemli \u00f6l\u00e7\u00fcde hafifletmesi hedeflenen Ayd\u0131n \u0130l Sa\u011fl\u0131k M\u00fcd\u00fcr\u00fc Dr. Eser \u015eenkul ilgili ekip ile birlikte Ayd\u0131n \u015eehir Hastanesi\u2019nde incelemelerde bulundu.<\/p>\n<p>A\u00e7\u0131l\u0131\u015f \u00f6ncesi y\u00fcr\u00fct\u00fclen haz\u0131rl\u0131klar\u0131 de\u011ferlendiren \u0130l Sa\u011fl\u0131k M\u00fcd\u00fcr\u00fc \u015eenkul, Ayd\u0131n\u2019\u0131n sa\u011fl\u0131k alan\u0131ndaki en \u00f6nemli yat\u0131r\u0131mlar\u0131ndan biri olan \u015eehir Hastanesi\u2019nin hizmete girmesi i\u00e7in yo\u011fun bir mesai harcand\u0131\u011f\u0131n\u0131 belirtti. Hastanenin her a\u015famas\u0131nda b\u00fcy\u00fck bir \u00f6zveriyle \u00e7al\u0131\u015f\u0131ld\u0131\u011f\u0131n\u0131 ifade eden \u015eenkul, sabah ak\u015fam demeden emek veren t\u00fcm personele te\u015fekk\u00fcr etti. \u015eenkul, Ayd\u0131n \u015eehir Hastanesi\u2019nin modern yap\u0131s\u0131, g\u00fc\u00e7l\u00fc altyap\u0131s\u0131 ve geni\u015f hizmet kapasitesiyle vatanda\u015flara nitelikli sa\u011fl\u0131k hizmeti sunaca\u011f\u0131n\u0131 vurgulayarak, \u00e7al\u0131\u015fmalarda foto\u011fraf karelerinde yer als\u0131n ya da almas\u0131n bu s\u00fcre\u00e7te eme\u011fi ge\u00e7en t\u00fcm \u00e7al\u0131\u015fanlara \u015f\u00fckranlar\u0131n\u0131 sundu. \u0130ncelemeler s\u0131ras\u0131nda hastanenin fiziki durumu, teknik altyap\u0131s\u0131 ve a\u00e7\u0131l\u0131\u015f \u00f6ncesi tamamlanmas\u0131 planlanan \u00e7al\u0131\u015fmalar hakk\u0131nda yetkililerden bilgi al\u0131nd\u0131.<\/p>\n<p>Ayd\u0131n \u0130l Sa\u011fl\u0131k M\u00fcd\u00fcr\u00fc Eser \u015eenkul sosyal medya hesab\u0131ndan yapt\u0131\u011f\u0131 payla\u015f\u0131mda, &#8220;Ayd\u0131n\u2019\u0131m\u0131z i\u00e7in \u015eehir Hastanemiz a\u00e7\u0131l\u0131\u015fa haz\u0131rlan\u0131yor. Bu g\u00fczel sa\u011fl\u0131k tesisimiz i\u00e7in sabah, ak\u015fam demeden emek veren, foto\u011fraf karelerinde olsun ya da olmas\u0131n \u00e7al\u0131\u015fan t\u00fcm arkada\u015flar\u0131m\u0131za \u015f\u00fckranlar\u0131m\u0131 sunuyorum&#8221; ifadelerine yer verdi.<br \/><\/p>\n","protected":false},"excerpt":{"rendered":"<p>Ayd\u0131n\u2019da b\u00f6lgenin en kapsaml\u0131 sa\u011fl\u0131k yat\u0131r\u0131mlar\u0131ndan biri olacak \u015fehir hastanesindeki \u00e7al\u0131\u015fmalar b\u00fcy\u00fck oranda tamamlan\u0131rken, modern altyap\u0131s\u0131 ve y\u00fcksek yatak kapasitesiyle kentin sa\u011fl\u0131k alan\u0131ndaki y\u00fck\u00fcn\u00fc \u00f6nemli \u00f6l\u00e7\u00fcde hafifletmesi hedeflenen Ayd\u0131n \u0130l Sa\u011fl\u0131k M\u00fcd\u00fcr\u00fc Dr. Eser \u015eenkul ilgili ekip ile birlikte Ayd\u0131n \u015eehir Hastanesi\u2019nde incelemelerde bulundu. A\u00e7\u0131l\u0131\u015f \u00f6ncesi y\u00fcr\u00fct\u00fclen haz\u0131rl\u0131klar\u0131 de\u011ferlendiren \u0130l Sa\u011fl\u0131k M\u00fcd\u00fcr\u00fc \u015eenkul, Ayd\u0131n\u2019\u0131n sa\u011fl\u0131k&#8230;<\/p>\n","protected":false},"author":1,"featured_media":74105,"comment_status":"open","ping_status":"open","sticky":false,"template":"","format":"standard","meta":{"_crdt_document":"","footnotes":""},"categories":[1],"tags":[],"class_list":["post-74104","post","type-post","status-publish","format-standard","has-post-thumbnail","hentry","category-guncel"],"_links":{"self":[{"href":"https:\/\/www.egemtv.com\/index.php?rest_route=\/wp\/v2\/posts\/74104","targetHints":{"allow":["GET"]}}],"collection":[{"href":"https:\/\/www.egemtv.com\/index.php?rest_route=\/wp\/v2\/posts"}],"about":[{"href":"https:\/\/www.egemtv.com\/index.php?rest_route=\/wp\/v2\/types\/post"}],"author":[{"embeddable":true,"href":"https:\/\/www.egemtv.com\/index.php?rest_route=\/wp\/v2\/users\/1"}],"replies":[{"embeddable":true,"href":"https:\/\/www.egemtv.com\/index.php?rest_route=%2Fwp%2Fv2%2Fcomments&post=74104"}],"version-history":[{"count":1,"href":"https:\/\/www.egemtv.com\/index.php?rest_route=\/wp\/v2\/posts\/74104\/revisions"}],"predecessor-version":[{"id":74106,"href":"https:\/\/www.egemtv.com\/index.php?rest_route=\/wp\/v2\/posts\/74104\/revisions\/74106"}],"wp:featuredmedia":[{"embeddable":true,"href":"https:\/\/www.egemtv.com\/index.php?rest_route=\/wp\/v2\/media\/74105"}],"wp:attachment":[{"href":"https:\/\/www.egemtv.com\/index.php?rest_route=%2Fwp%2Fv2%2Fmedia&parent=74104"}],"wp:term":[{"taxonomy":"category","embeddable":true,"href":"https:\/\/www.egemtv.com\/index.php?rest_route=%2Fwp%2Fv2%2Fcategories&post=74104"},{"taxonomy":"post_tag","embeddable":true,"href":"https:\/\/www.egemtv.com\/index.php?rest_route=%2Fwp%2Fv2%2Ftags&post=74104"}],"curies":[{"name":"wp","href":"https:\/\/api.w.org\/{rel}","templated":true}]}}