{"id":74098,"date":"2025-12-14T10:34:52","date_gmt":"2025-12-14T07:34:52","guid":{"rendered":"https:\/\/www.egemtv.com\/?p=74098"},"modified":"2025-12-14T10:34:53","modified_gmt":"2025-12-14T07:34:53","slug":"cedes-kapsaminda-ogrenciler-nasuh-pasa-kulliyesinde-bulustu","status":"publish","type":"post","link":"https:\/\/www.egemtv.com\/?p=74098","title":{"rendered":"\u00c7EDES kapsam\u0131nda \u00f6\u011frenciler Nasuh Pa\u015fa K\u00fclliyesi\u2019nde bulu\u015ftu"},"content":{"rendered":"<p>Milli E\u011fitim Bakanl\u0131\u011f\u0131, Gen\u00e7lik ve Spor Bakanl\u0131\u011f\u0131 ile Diyanet \u0130\u015fleri Ba\u015fkanl\u0131\u011f\u0131 i\u015f birli\u011finde y\u00fcr\u00fct\u00fclen \u2019\u00c7evreme Duyarl\u0131y\u0131m, De\u011ferlerime Sahip \u00c7\u0131k\u0131yorum\u2019 (\u00c7EDES) Program\u0131 kapsam\u0131nda Adnan Menderes Anadolu Lisesi \u00f6\u011frencileri Nasuh Pa\u015fa K\u00fclliyesi\u2019nde bir araya geldi.<\/p>\n<p>Efeler \u0130l\u00e7e M\u00fcft\u00fcl\u00fc\u011f\u00fc koordinesinde ger\u00e7ekle\u015ftirilen programda \u00f6\u011frenciler, tarihi ve manevi y\u00f6n\u00fcyle \u00f6ne \u00e7\u0131kan Nasuh Pa\u015fa K\u00fclliyesi\u2019ni ziyaret etti. Ziyaret s\u0131ras\u0131nda \u00f6\u011frencilere rehberlik eden manevi dan\u0131\u015fmanlar taraf\u0131ndan k\u00fclliyenin tarihi ge\u00e7mi\u015fi, mimari yap\u0131s\u0131, k\u00fclt\u00fcrel ve dini \u00f6nemi hakk\u0131nda bilgiler aktar\u0131ld\u0131. Program kapsam\u0131nda \u015eube M\u00fcd\u00fcr\u00fc Muhammet Y\u0131lmaz taraf\u0131ndan ger\u00e7ekle\u015ftirilen sohbette ise ahlak, sorumluluk, sayg\u0131 ve toplumsal de\u011ferler \u00fczerinde durularak gen\u00e7lerin milli ve manevi de\u011ferlerle ba\u011f kurmalar\u0131na katk\u0131 sa\u011fland\u0131.<\/p>\n<p>Etkinlik sonunda \u00f6\u011frenciler memnuniyetlerini dile getirirken, bu t\u00fcr programlar\u0131n hem tarih bilinci kazand\u0131rmas\u0131 hem de de\u011ferler e\u011fitimi a\u00e7\u0131s\u0131ndan faydal\u0131 oldu\u011fu ifade edildi.<br \/><\/p>\n","protected":false},"excerpt":{"rendered":"<p>Milli E\u011fitim Bakanl\u0131\u011f\u0131, Gen\u00e7lik ve Spor Bakanl\u0131\u011f\u0131 ile Diyanet \u0130\u015fleri Ba\u015fkanl\u0131\u011f\u0131 i\u015f birli\u011finde y\u00fcr\u00fct\u00fclen \u2019\u00c7evreme Duyarl\u0131y\u0131m, De\u011ferlerime Sahip \u00c7\u0131k\u0131yorum\u2019 (\u00c7EDES) Program\u0131 kapsam\u0131nda Adnan Menderes Anadolu Lisesi \u00f6\u011frencileri Nasuh Pa\u015fa K\u00fclliyesi\u2019nde bir araya geldi. Efeler \u0130l\u00e7e M\u00fcft\u00fcl\u00fc\u011f\u00fc koordinesinde ger\u00e7ekle\u015ftirilen programda \u00f6\u011frenciler, tarihi ve manevi y\u00f6n\u00fcyle \u00f6ne \u00e7\u0131kan Nasuh Pa\u015fa K\u00fclliyesi\u2019ni ziyaret etti. Ziyaret s\u0131ras\u0131nda \u00f6\u011frencilere rehberlik&#8230;<\/p>\n","protected":false},"author":1,"featured_media":74099,"comment_status":"open","ping_status":"open","sticky":false,"template":"","format":"standard","meta":{"_crdt_document":"","footnotes":""},"categories":[1],"tags":[],"class_list":["post-74098","post","type-post","status-publish","format-standard","has-post-thumbnail","hentry","category-guncel"],"_links":{"self":[{"href":"https:\/\/www.egemtv.com\/index.php?rest_route=\/wp\/v2\/posts\/74098","targetHints":{"allow":["GET"]}}],"collection":[{"href":"https:\/\/www.egemtv.com\/index.php?rest_route=\/wp\/v2\/posts"}],"about":[{"href":"https:\/\/www.egemtv.com\/index.php?rest_route=\/wp\/v2\/types\/post"}],"author":[{"embeddable":true,"href":"https:\/\/www.egemtv.com\/index.php?rest_route=\/wp\/v2\/users\/1"}],"replies":[{"embeddable":true,"href":"https:\/\/www.egemtv.com\/index.php?rest_route=%2Fwp%2Fv2%2Fcomments&post=74098"}],"version-history":[{"count":1,"href":"https:\/\/www.egemtv.com\/index.php?rest_route=\/wp\/v2\/posts\/74098\/revisions"}],"predecessor-version":[{"id":74100,"href":"https:\/\/www.egemtv.com\/index.php?rest_route=\/wp\/v2\/posts\/74098\/revisions\/74100"}],"wp:featuredmedia":[{"embeddable":true,"href":"https:\/\/www.egemtv.com\/index.php?rest_route=\/wp\/v2\/media\/74099"}],"wp:attachment":[{"href":"https:\/\/www.egemtv.com\/index.php?rest_route=%2Fwp%2Fv2%2Fmedia&parent=74098"}],"wp:term":[{"taxonomy":"category","embeddable":true,"href":"https:\/\/www.egemtv.com\/index.php?rest_route=%2Fwp%2Fv2%2Fcategories&post=74098"},{"taxonomy":"post_tag","embeddable":true,"href":"https:\/\/www.egemtv.com\/index.php?rest_route=%2Fwp%2Fv2%2Ftags&post=74098"}],"curies":[{"name":"wp","href":"https:\/\/api.w.org\/{rel}","templated":true}]}}