{"id":74092,"date":"2025-12-14T10:15:04","date_gmt":"2025-12-14T07:15:04","guid":{"rendered":"https:\/\/www.egemtv.com\/?p=74092"},"modified":"2025-12-14T10:15:04","modified_gmt":"2025-12-14T07:15:04","slug":"valilik-yapti-belediye-bozdu","status":"publish","type":"post","link":"https:\/\/www.egemtv.com\/?p=74092","title":{"rendered":"Valilik yapt\u0131, belediye bozdu"},"content":{"rendered":"<p>Sar\u0131g\u00f6l\u2019\u00fcn Karacaali Mahallesi\u2019nde Valilik taraf\u0131ndan 2023 y\u0131l\u0131nda yap\u0131lan parke mezarl\u0131k yolu, belediye taraf\u0131ndan s\u00f6k\u00fcld\u00fc. Aradan ge\u00e7en bir y\u0131la ra\u011fmen yolun yeniden yap\u0131lmamas\u0131 mahalleliyi ma\u011fdur etti.<br \/>\n<br \/>Manisa\u2019n\u0131n Sar\u0131g\u00f6l il\u00e7esine ba\u011fl\u0131 Karacaali Mahallesi\u2019nde 2023 y\u0131l\u0131nda Valilik Yat\u0131r\u0131m \u0130zleme ve Koordinasyon Ba\u015fkanl\u0131\u011f\u0131 (Y\u0130KOB) taraf\u0131ndan yapt\u0131r\u0131lan ta\u015f parke d\u00f6\u015feme yol, belediye taraf\u0131ndan yakla\u015f\u0131k bir y\u0131l \u00f6nce s\u00f6k\u00fcld\u00fc. Aradan ge\u00e7en zamana ra\u011fmen yolun yeniden yap\u0131lmamas\u0131 mahalle sakinlerinin tepkisine neden oldu.<br \/>\n<br \/>Belediye ekiplerince mezarl\u0131k alan\u0131nda tesviye \u00e7al\u0131\u015fmalar\u0131 ger\u00e7ekle\u015ftirildi\u011fi, mahalle merkezi ile mezarl\u0131k aras\u0131ndaki yolun ta\u015f parke d\u00f6\u015femesinin s\u00f6k\u00fclmesinin ard\u0131ndan yolun stabilize hale getirildi\u011fi belirtildi. Ancak yakla\u015f\u0131k bir y\u0131ld\u0131r yolun yeniden yap\u0131lmad\u0131\u011f\u0131n\u0131 ifade eden mahalle halk\u0131, \u00f6zellikle ya\u011f\u0131\u015fl\u0131 havalarda ula\u015f\u0131mda ciddi s\u0131k\u0131nt\u0131 ya\u015fand\u0131\u011f\u0131n\u0131 dile getirdi.<br \/>\n<br \/>Karacaali Mahallesi Muhtar\u0131 Atilla Uygun, konuyla ilgili yapt\u0131\u011f\u0131 a\u00e7\u0131klamada, mahalle sakinlerinin ma\u011fdur oldu\u011funu belirterek \u015funlar\u0131 s\u00f6yledi:<br \/>\n<br \/>&#8220;Mahallemizde 2023 y\u0131l\u0131nda Valili\u011fimiz taraf\u0131ndan yap\u0131lan mezarl\u0131k yolu parke d\u00f6\u015femesi, belediye taraf\u0131ndan bir y\u0131l \u00f6nce s\u00f6k\u00fcld\u00fc. Mezarl\u0131k i\u00e7erisinde d\u00fczenleme yap\u0131ld\u0131 ancak yol tekrar yap\u0131lmad\u0131. S\u00f6k\u00fclen yolun bir an \u00f6nce yeniden yap\u0131lmas\u0131n\u0131 mahalleli olarak istiyoruz.&#8221;<br \/>\n<br \/>Mahalle sakinleri de mezarl\u0131\u011fa ula\u015f\u0131m\u0131n zorla\u015ft\u0131\u011f\u0131n\u0131 belirterek, yetkililerden yolun yeniden parke ta\u015fla d\u00fczenlenmesini talep etti.<br \/><\/p>\n","protected":false},"excerpt":{"rendered":"<p>Sar\u0131g\u00f6l\u2019\u00fcn Karacaali Mahallesi\u2019nde Valilik taraf\u0131ndan 2023 y\u0131l\u0131nda yap\u0131lan parke mezarl\u0131k yolu, belediye taraf\u0131ndan s\u00f6k\u00fcld\u00fc. Aradan ge\u00e7en bir y\u0131la ra\u011fmen yolun yeniden yap\u0131lmamas\u0131 mahalleliyi ma\u011fdur etti. Manisa\u2019n\u0131n Sar\u0131g\u00f6l il\u00e7esine ba\u011fl\u0131 Karacaali Mahallesi\u2019nde 2023 y\u0131l\u0131nda Valilik Yat\u0131r\u0131m \u0130zleme ve Koordinasyon Ba\u015fkanl\u0131\u011f\u0131 (Y\u0130KOB) taraf\u0131ndan yapt\u0131r\u0131lan ta\u015f parke d\u00f6\u015feme yol, belediye taraf\u0131ndan yakla\u015f\u0131k bir y\u0131l \u00f6nce s\u00f6k\u00fcld\u00fc. Aradan ge\u00e7en&#8230;<\/p>\n","protected":false},"author":1,"featured_media":74093,"comment_status":"open","ping_status":"open","sticky":false,"template":"","format":"standard","meta":{"_crdt_document":"","footnotes":""},"categories":[125],"tags":[],"class_list":["post-74092","post","type-post","status-publish","format-standard","has-post-thumbnail","hentry","category-ekonomi"],"_links":{"self":[{"href":"https:\/\/www.egemtv.com\/index.php?rest_route=\/wp\/v2\/posts\/74092","targetHints":{"allow":["GET"]}}],"collection":[{"href":"https:\/\/www.egemtv.com\/index.php?rest_route=\/wp\/v2\/posts"}],"about":[{"href":"https:\/\/www.egemtv.com\/index.php?rest_route=\/wp\/v2\/types\/post"}],"author":[{"embeddable":true,"href":"https:\/\/www.egemtv.com\/index.php?rest_route=\/wp\/v2\/users\/1"}],"replies":[{"embeddable":true,"href":"https:\/\/www.egemtv.com\/index.php?rest_route=%2Fwp%2Fv2%2Fcomments&post=74092"}],"version-history":[{"count":1,"href":"https:\/\/www.egemtv.com\/index.php?rest_route=\/wp\/v2\/posts\/74092\/revisions"}],"predecessor-version":[{"id":74094,"href":"https:\/\/www.egemtv.com\/index.php?rest_route=\/wp\/v2\/posts\/74092\/revisions\/74094"}],"wp:featuredmedia":[{"embeddable":true,"href":"https:\/\/www.egemtv.com\/index.php?rest_route=\/wp\/v2\/media\/74093"}],"wp:attachment":[{"href":"https:\/\/www.egemtv.com\/index.php?rest_route=%2Fwp%2Fv2%2Fmedia&parent=74092"}],"wp:term":[{"taxonomy":"category","embeddable":true,"href":"https:\/\/www.egemtv.com\/index.php?rest_route=%2Fwp%2Fv2%2Fcategories&post=74092"},{"taxonomy":"post_tag","embeddable":true,"href":"https:\/\/www.egemtv.com\/index.php?rest_route=%2Fwp%2Fv2%2Ftags&post=74092"}],"curies":[{"name":"wp","href":"https:\/\/api.w.org\/{rel}","templated":true}]}}