{"id":74089,"date":"2025-12-14T10:15:03","date_gmt":"2025-12-14T07:15:03","guid":{"rendered":"https:\/\/www.egemtv.com\/?p=74089"},"modified":"2025-12-14T10:15:03","modified_gmt":"2025-12-14T07:15:03","slug":"fao-talks-genclerle-tarimi-ve-gidayi-konusuyoruz-paneli","status":"publish","type":"post","link":"https:\/\/www.egemtv.com\/?p=74089","title":{"rendered":"FAO Talks- Gen\u00e7lerle Tar\u0131m\u0131 ve G\u0131day\u0131 Konu\u015fuyoruz paneli"},"content":{"rendered":"<p>Ya\u015far \u00dcniversitesi, Birle\u015fmi\u015f Milletler G\u0131da ve Tar\u0131m \u00d6rg\u00fct\u00fc (FAO) T\u00fcrkiye ve Migros taraf\u0131ndan d\u00fczenlenen etkinlikte, giderek ya\u015flanan tar\u0131m n\u00fcfusunun gen\u00e7le\u015ftirilmesi gerekti\u011fine dikkat \u00e7ekildi. FAO Talks-Gen\u00e7lerle Tar\u0131m\u0131 ve G\u0131day\u0131 Konu\u015fuyoruz ba\u015fl\u0131kl\u0131 panel Sel\u00e7uk Ya\u015far Kamp\u00fcs\u00fc\u2019nde ger\u00e7ekle\u015ftirildi.<br \/>\n<br \/>Ya\u015far \u00dcniversitesi Rekt\u00f6r\u00fc Prof. Dr. Levent Kandiller, T\u00fcrkiye\u2019de tar\u0131mda ya\u015f ortalamas\u0131n\u0131n 60\u2019lara ula\u015ft\u0131\u011f\u0131n\u0131 belirterek g\u00f6r\u00fc\u015flerini \u015f\u00f6yle dile getirdi: &#8220;\u00dcniversitemizin Tar\u0131m Bilimleri ve Teknolojileri Fak\u00fcltesi\u2019nde yenilik\u00e7i \u00f6\u011frenme ortamlar\u0131 sunuyoruz. Gen\u00e7lerin enerjisi ile dijital teknolojilerin g\u00fcc\u00fcn\u00fc birle\u015ftirerek sekt\u00f6rde katma de\u011ferli \u00fcr\u00fcnler ama\u00e7l\u0131yoruz. Tar\u0131mda ya\u015f ortalamas\u0131n\u0131 30\u2019lu ya\u015flara \u00e7ekmek gerekiyor. Bu nedenle gen\u00e7leri tar\u0131m sekt\u00f6r\u00fcne kazand\u0131rmal\u0131y\u0131z. Fak\u00fcltemizi bu nedenle kurduk. \u0130zmir Ticaret Borsas\u0131 ile hayata ge\u00e7irdi\u011fimiz \u2018\u0130zmir Tar\u0131m Teknolojileri Merkezi\u2019, Avrupa Dijital \u0130novasyon Merkezleri a\u011f\u0131na kabul edildi. T\u00fcm g\u00fcc\u00fcm\u00fczle tar\u0131m-g\u0131da tedarik zincirlerindeki verimlili\u011fi art\u0131rmaya \u00e7al\u0131\u015f\u0131yoruz.\u2019\u2019<\/p>\n<p>Dijital k\u00f6yler ve gelecek<br \/>\n<br \/>FAO G\u0131da \u015eampiyonu, Beslenme ve Diyet Uzman\u0131 Dilara Ko\u00e7ak\u2019\u0131n moderat\u00f6r oldu\u011fu &#8220;Dijital Tar\u0131m \u00c7a\u011f\u0131nda Sosyal Etki ve Giri\u015fimcilik&#8221; konulu b\u00f6l\u00fcmde konu\u015fan FAO T\u00fcrkiye Temsilci Yard\u0131mc\u0131s\u0131 Dr. Ay\u015feg\u00fcl Sel\u0131\u015f\u0131k ise FAO\u2019nun 80 y\u0131ld\u0131r hi\u00e7 kimseyi a\u00e7 b\u0131rakmamay\u0131 hedefledi\u011fini s\u00f6yledi. Sel\u0131\u015f\u0131k \u2018\u2019 FAO\u2019nun d\u00f6rt temel stratejisi var; daha iyi \u00fcretim, daha iyi beslenme, daha iyi \u00e7evre, daha iyi ya\u015fam. FAO, \u00fcniversiteler, \u00f6zel sekt\u00f6r ve \u00fcreticiyi bulu\u015fturan d\u00f6rtl\u00fc ekosistem \u015fart. Dijitalle\u015fmeyi \u00e7ift\u00e7iyi ve tar\u0131m\u0131 destekleyecek \u015fekilde kullanmal\u0131y\u0131z. FAO\u2019nun Dijital K\u00f6yler Giri\u015fimi kapsam\u0131nda, Ankara\u2019n\u0131n G\u00fcd\u00fcl il\u00e7esine ba\u011fl\u0131 Boyal\u0131 K\u00f6y\u00fc\u2019nde iklim ve ah\u0131r sens\u00f6rleri, drone teknolojileri ve dijital \u00e7iftlik y\u00f6netim uygulamalar\u0131yla \u2018dijital ke\u00e7i \u00e7iftli\u011fi\u2019 modeli pilot olarak hayata ge\u00e7irildi. Bu model, hayvanc\u0131l\u0131kta verimlili\u011fi ve izlenebilirli\u011fi art\u0131r\u0131rken \u00fcreticilerin i\u015f y\u00fck\u00fcn\u00fc azalt\u0131yor. Kad\u0131n kooperatiflerinin FAO destekli Hepyerinden.com gibi dijital pazaryerlerine entegre olmas\u0131yla \u00fcr\u00fcnler do\u011frudan t\u00fcketiciye ula\u015f\u0131yor ve k\u0131rsal kalk\u0131nmada yeni bir pazar yap\u0131s\u0131 olu\u015fuyor. FAO ayr\u0131ca Bolu\u2019da y\u00fcr\u00fctt\u00fc\u011f\u00fc bir pilot uygulamada zeytin tarlas\u0131na yerle\u015ftirilen sens\u00f6rler sayesinde sulama verimlili\u011finde y\u00fczde 40 art\u0131\u015f sa\u011fland\u0131\u011f\u0131n\u0131 ortaya koydu; bu uygulama su ve enerji kaynaklar\u0131n\u0131n daha etkin kullan\u0131lmas\u0131na katk\u0131 sundu.<\/p>\n<p>Kad\u0131nlar \u00f6nc\u00fc<br \/>\n<br \/>Sel\u00e7uk Ya\u015far \u00d6d\u00fcl\u00fc\u2019n\u00fcn be\u015finci sahibi ve d\u00fcnyan\u0131n ilk &#8220;Ak\u0131ll\u0131 K\u00f6y\u00fcn\u00fc\u2019\u2019 kuran sosyal giri\u015fimci T\u00fclin Ak\u0131n da tar\u0131mda 20 y\u0131lda SMS\u2019den yapay zekaya \u00e7ok ciddi bir d\u00f6n\u00fc\u015f\u00fcm ya\u015fand\u0131\u011f\u0131n\u0131 belirtti. 20 y\u0131l \u00f6nce bu i\u015fe ba\u015flarken \u00e7ift\u00e7ilere bilgisayar\u0131 nas\u0131l kullanacaklar\u0131n\u0131 hatta SMS yoluyla hava \u015fartlar\u0131n\u0131 nas\u0131l takip edeceklerini anlatmak durumunda kald\u0131klar\u0131n\u0131 s\u00f6yleyen Ak\u0131n, \u015f\u00f6yle devam etti : \u2018\u2019G\u00fcn\u00fcm\u00fczde ise tar\u0131mda yapay zekan\u0131n verimi nas\u0131l art\u0131raca\u011f\u0131n\u0131 konu\u015fuyoruz. \u00dcstelik bu konuda kad\u0131n \u00e7ift\u00e7iler \u00f6nc\u00fc rol \u00fcstleniyor. Son y\u0131llarda dijitalle\u015fmenin sonucu olarak \u015fehirlerdeki kad\u0131nlar ve gen\u00e7ler tar\u0131m sekt\u00f6r\u00fcn\u00fc giri\u015fimcilik alan\u0131 olarak g\u00f6r\u00fcl\u00fcyor.\u2019\u2019<br \/>\n<br \/>Migros Ege Kurumsal \u0130leti\u015fim ve Aile Kul\u00fcpleri M\u00fcd\u00fcr\u00fc Nilay Arslan da kurumlar\u0131n\u0131n Tar\u0131m Platformu\u2019nu kurdu\u011funa dikkat \u00e7ekerek \u015funlar\u0131 s\u00f6yledi: \u2018\u2019\u00dcreticiler bu proje kapsam\u0131nda iyi tar\u0131m uygulamalar\u0131, videolu e\u011fitimler, s\u00fcrd\u00fcr\u00fclebilirlik programlar\u0131, kad\u0131n ve aile kul\u00fcpleri ile Migros\u2019un ekosistemine dahil olabiliyorlar.\u2019\u2019<br \/><\/p>\n","protected":false},"excerpt":{"rendered":"<p>Ya\u015far \u00dcniversitesi, Birle\u015fmi\u015f Milletler G\u0131da ve Tar\u0131m \u00d6rg\u00fct\u00fc (FAO) T\u00fcrkiye ve Migros taraf\u0131ndan d\u00fczenlenen etkinlikte, giderek ya\u015flanan tar\u0131m n\u00fcfusunun gen\u00e7le\u015ftirilmesi gerekti\u011fine dikkat \u00e7ekildi. FAO Talks-Gen\u00e7lerle Tar\u0131m\u0131 ve G\u0131day\u0131 Konu\u015fuyoruz ba\u015fl\u0131kl\u0131 panel Sel\u00e7uk Ya\u015far Kamp\u00fcs\u00fc\u2019nde ger\u00e7ekle\u015ftirildi. Ya\u015far \u00dcniversitesi Rekt\u00f6r\u00fc Prof. Dr. Levent Kandiller, T\u00fcrkiye\u2019de tar\u0131mda ya\u015f ortalamas\u0131n\u0131n 60\u2019lara ula\u015ft\u0131\u011f\u0131n\u0131 belirterek g\u00f6r\u00fc\u015flerini \u015f\u00f6yle dile getirdi: &#8220;\u00dcniversitemizin Tar\u0131m&#8230;<\/p>\n","protected":false},"author":1,"featured_media":74090,"comment_status":"open","ping_status":"open","sticky":false,"template":"","format":"standard","meta":{"_crdt_document":"","footnotes":""},"categories":[1],"tags":[],"class_list":["post-74089","post","type-post","status-publish","format-standard","has-post-thumbnail","hentry","category-guncel"],"_links":{"self":[{"href":"https:\/\/www.egemtv.com\/index.php?rest_route=\/wp\/v2\/posts\/74089","targetHints":{"allow":["GET"]}}],"collection":[{"href":"https:\/\/www.egemtv.com\/index.php?rest_route=\/wp\/v2\/posts"}],"about":[{"href":"https:\/\/www.egemtv.com\/index.php?rest_route=\/wp\/v2\/types\/post"}],"author":[{"embeddable":true,"href":"https:\/\/www.egemtv.com\/index.php?rest_route=\/wp\/v2\/users\/1"}],"replies":[{"embeddable":true,"href":"https:\/\/www.egemtv.com\/index.php?rest_route=%2Fwp%2Fv2%2Fcomments&post=74089"}],"version-history":[{"count":1,"href":"https:\/\/www.egemtv.com\/index.php?rest_route=\/wp\/v2\/posts\/74089\/revisions"}],"predecessor-version":[{"id":74091,"href":"https:\/\/www.egemtv.com\/index.php?rest_route=\/wp\/v2\/posts\/74089\/revisions\/74091"}],"wp:featuredmedia":[{"embeddable":true,"href":"https:\/\/www.egemtv.com\/index.php?rest_route=\/wp\/v2\/media\/74090"}],"wp:attachment":[{"href":"https:\/\/www.egemtv.com\/index.php?rest_route=%2Fwp%2Fv2%2Fmedia&parent=74089"}],"wp:term":[{"taxonomy":"category","embeddable":true,"href":"https:\/\/www.egemtv.com\/index.php?rest_route=%2Fwp%2Fv2%2Fcategories&post=74089"},{"taxonomy":"post_tag","embeddable":true,"href":"https:\/\/www.egemtv.com\/index.php?rest_route=%2Fwp%2Fv2%2Ftags&post=74089"}],"curies":[{"name":"wp","href":"https:\/\/api.w.org\/{rel}","templated":true}]}}