{"id":74086,"date":"2025-12-14T10:15:02","date_gmt":"2025-12-14T07:15:02","guid":{"rendered":"https:\/\/www.egemtv.com\/?p=74086"},"modified":"2025-12-14T10:15:03","modified_gmt":"2025-12-14T07:15:03","slug":"kutahyada-camide-bulusalim-sabah-namazi-bulusmasi","status":"publish","type":"post","link":"https:\/\/www.egemtv.com\/?p=74086","title":{"rendered":"K\u00fctahya\u2019da &#8220;Camide Bulu\u015fal\u0131m&#8221; sabah namaz\u0131 bulu\u015fmas\u0131"},"content":{"rendered":"<p>K\u00fctahya\u2019da Gazze, Do\u011fu T\u00fcrkistan ve d\u00fcnyan\u0131n farkl\u0131 b\u00f6lgelerinde zul\u00fcm alt\u0131nda ya\u015fayan mazlumlar i\u00e7in dua etmek amac\u0131yla &#8220;Camide Bulu\u015fal\u0131m&#8221; temas\u0131yla sabah namaz\u0131 bulu\u015fmas\u0131 ger\u00e7ekle\u015ftirildi.<br \/>\n<br \/>K\u00fctahya M\u00fcft\u00fcl\u00fc\u011f\u00fc, K\u00fctahya \u0130l Mill\u00ee E\u011fitim M\u00fcd\u00fcrl\u00fc\u011f\u00fc ve kentte faaliyet g\u00f6steren sivil toplum kurulu\u015flar\u0131n\u0131n katk\u0131lar\u0131yla d\u00fczenlenen program, K\u00fctahya Ulu Camii\u2019nde yo\u011fun kat\u0131l\u0131mla yap\u0131ld\u0131.<br \/>\n<br \/>Seher vaktinde ba\u015flayan programda cemaat sabah namaz\u0131n\u0131 birlikte eda etti. Namaz\u0131n ard\u0131ndan Gazze, Do\u011fu T\u00fcrkistan ve t\u00fcm mazlum co\u011frafyalar i\u00e7in dualar edildi. Programa K\u00fctahya Valisi Musa I\u015f\u0131n da kat\u0131ld\u0131.<br \/>\n<br \/>Programda dua, \u0130l M\u00fcft\u00fc Yard\u0131mc\u0131s\u0131 Tahsin Ekim taraf\u0131ndan yap\u0131ld\u0131. Ard\u0131ndan konu\u015fan K\u00fctahya \u0130l M\u00fcft\u00fcs\u00fc Dr. \u0130rfan A\u00e7\u0131k, sabah namaz\u0131n\u0131n birlik, bilin\u00e7 ve sorumluluk \u015fuuru a\u00e7\u0131s\u0131ndan \u00f6nemine dikkat \u00e7ekti. M\u00fcft\u00fc A\u00e7\u0131k konu\u015fmas\u0131nda, mazlum co\u011frafyalar\u0131n unutulmamas\u0131 gerekti\u011fini vurgulayarak, &#8220;Derdimizi, meselemizi ve iman\u0131m\u0131z\u0131 ortaya koymak ad\u0131na bu m\u00fcbarek vakitte bir araya geldik. Rabbimize hamd ediyor, bizleri b\u00f6yle hay\u0131rl\u0131 bir bulu\u015fmada birle\u015ftirdi\u011fi i\u00e7in \u015f\u00fckrediyoruz&#8221; ifadelerini kulland\u0131.<br \/>\n<br \/>Dr. \u0130rfan A\u00e7\u0131k, program\u0131n d\u00fczenlenmesinde eme\u011fi ge\u00e7en sivil toplum kurulu\u015flar\u0131na, \u0130l Mill\u00ee E\u011fitim M\u00fcd\u00fcrl\u00fc\u011f\u00fcne ve kat\u0131l\u0131mlar\u0131 dolay\u0131s\u0131yla K\u00fctahya Valisi Musa I\u015f\u0131n\u2019a te\u015fekk\u00fcr etti.<br \/>\n<br \/>Program, sabah namaz\u0131 bulu\u015fmas\u0131n\u0131n ard\u0131ndan kat\u0131l\u0131mc\u0131lara \u00e7orba ikram edilmesiyle sona erdi.<br \/><\/p>\n","protected":false},"excerpt":{"rendered":"<p>K\u00fctahya\u2019da Gazze, Do\u011fu T\u00fcrkistan ve d\u00fcnyan\u0131n farkl\u0131 b\u00f6lgelerinde zul\u00fcm alt\u0131nda ya\u015fayan mazlumlar i\u00e7in dua etmek amac\u0131yla &#8220;Camide Bulu\u015fal\u0131m&#8221; temas\u0131yla sabah namaz\u0131 bulu\u015fmas\u0131 ger\u00e7ekle\u015ftirildi. K\u00fctahya M\u00fcft\u00fcl\u00fc\u011f\u00fc, K\u00fctahya \u0130l Mill\u00ee E\u011fitim M\u00fcd\u00fcrl\u00fc\u011f\u00fc ve kentte faaliyet g\u00f6steren sivil toplum kurulu\u015flar\u0131n\u0131n katk\u0131lar\u0131yla d\u00fczenlenen program, K\u00fctahya Ulu Camii\u2019nde yo\u011fun kat\u0131l\u0131mla yap\u0131ld\u0131. Seher vaktinde ba\u015flayan programda cemaat sabah namaz\u0131n\u0131 birlikte eda&#8230;<\/p>\n","protected":false},"author":1,"featured_media":74087,"comment_status":"open","ping_status":"open","sticky":false,"template":"","format":"standard","meta":{"_crdt_document":"","footnotes":""},"categories":[123],"tags":[],"class_list":["post-74086","post","type-post","status-publish","format-standard","has-post-thumbnail","hentry","category-gundem"],"_links":{"self":[{"href":"https:\/\/www.egemtv.com\/index.php?rest_route=\/wp\/v2\/posts\/74086","targetHints":{"allow":["GET"]}}],"collection":[{"href":"https:\/\/www.egemtv.com\/index.php?rest_route=\/wp\/v2\/posts"}],"about":[{"href":"https:\/\/www.egemtv.com\/index.php?rest_route=\/wp\/v2\/types\/post"}],"author":[{"embeddable":true,"href":"https:\/\/www.egemtv.com\/index.php?rest_route=\/wp\/v2\/users\/1"}],"replies":[{"embeddable":true,"href":"https:\/\/www.egemtv.com\/index.php?rest_route=%2Fwp%2Fv2%2Fcomments&post=74086"}],"version-history":[{"count":1,"href":"https:\/\/www.egemtv.com\/index.php?rest_route=\/wp\/v2\/posts\/74086\/revisions"}],"predecessor-version":[{"id":74088,"href":"https:\/\/www.egemtv.com\/index.php?rest_route=\/wp\/v2\/posts\/74086\/revisions\/74088"}],"wp:featuredmedia":[{"embeddable":true,"href":"https:\/\/www.egemtv.com\/index.php?rest_route=\/wp\/v2\/media\/74087"}],"wp:attachment":[{"href":"https:\/\/www.egemtv.com\/index.php?rest_route=%2Fwp%2Fv2%2Fmedia&parent=74086"}],"wp:term":[{"taxonomy":"category","embeddable":true,"href":"https:\/\/www.egemtv.com\/index.php?rest_route=%2Fwp%2Fv2%2Fcategories&post=74086"},{"taxonomy":"post_tag","embeddable":true,"href":"https:\/\/www.egemtv.com\/index.php?rest_route=%2Fwp%2Fv2%2Ftags&post=74086"}],"curies":[{"name":"wp","href":"https:\/\/api.w.org\/{rel}","templated":true}]}}