{"id":74083,"date":"2025-12-14T09:54:46","date_gmt":"2025-12-14T06:54:46","guid":{"rendered":"https:\/\/www.egemtv.com\/?p=74083"},"modified":"2025-12-14T09:54:46","modified_gmt":"2025-12-14T06:54:46","slug":"balkondaki-haliyi-caldi","status":"publish","type":"post","link":"https:\/\/www.egemtv.com\/?p=74083","title":{"rendered":"Balkondaki hal\u0131y\u0131 \u00e7ald\u0131"},"content":{"rendered":"<p>\u0130zmir\u2019in Buca il\u00e7esinde bir kad\u0131n, g\u00f6z\u00fcne kestirdi\u011fi giri\u015f kattaki evin balkonunda as\u0131l\u0131 hal\u0131y\u0131 saniyeler i\u00e7inde \u00e7alarak kay\u0131plara kar\u0131\u015ft\u0131. O anlar anbean g\u00fcvenlik kameras\u0131nca kaydedildi.<br \/>\n<br \/>Olay, Buca il\u00e7esi \u00c7aml\u0131kule Mahallesi\u2019nde meydana geldi. Edinilen bilgiye g\u00f6re, sokakta y\u00fcr\u00fcyen kimli\u011fi belirsiz bir kad\u0131n, g\u00f6z\u00fcne kestirdi\u011fi giri\u015f kattaki bir evin balkonuna y\u00f6neldi. \u015e\u00fcpheli kad\u0131n, balkon demirlerinde havaland\u0131rmak amac\u0131yla as\u0131l\u0131 bulunan hal\u0131y\u0131 ask\u0131dan \u00e7ekip ald\u0131. \u00c7ald\u0131\u011f\u0131 hal\u0131y\u0131 kuca\u011f\u0131na alan \u015f\u00fcpheli, h\u0131zla olay yerinden uzakla\u015ft\u0131. H\u0131rs\u0131zl\u0131k an\u0131 ise \u00e7evredeki bir g\u00fcvenlik kameras\u0131na saniye saniye yans\u0131d\u0131. G\u00f6r\u00fcnt\u00fclerde kad\u0131n\u0131n y\u00fcr\u00fcd\u00fc\u011f\u00fc, hal\u0131y\u0131 ald\u0131\u011f\u0131 ve b\u00f6lgeden uzakla\u015ft\u0131\u011f\u0131 anlar yer ald\u0131.<br \/><\/p>\n","protected":false},"excerpt":{"rendered":"<p>\u0130zmir\u2019in Buca il\u00e7esinde bir kad\u0131n, g\u00f6z\u00fcne kestirdi\u011fi giri\u015f kattaki evin balkonunda as\u0131l\u0131 hal\u0131y\u0131 saniyeler i\u00e7inde \u00e7alarak kay\u0131plara kar\u0131\u015ft\u0131. O anlar anbean g\u00fcvenlik kameras\u0131nca kaydedildi. Olay, Buca il\u00e7esi \u00c7aml\u0131kule Mahallesi\u2019nde meydana geldi. Edinilen bilgiye g\u00f6re, sokakta y\u00fcr\u00fcyen kimli\u011fi belirsiz bir kad\u0131n, g\u00f6z\u00fcne kestirdi\u011fi giri\u015f kattaki bir evin balkonuna y\u00f6neldi. \u015e\u00fcpheli kad\u0131n, balkon demirlerinde havaland\u0131rmak amac\u0131yla as\u0131l\u0131&#8230;<\/p>\n","protected":false},"author":1,"featured_media":74084,"comment_status":"open","ping_status":"open","sticky":false,"template":"","format":"standard","meta":{"_crdt_document":"","footnotes":""},"categories":[5],"tags":[],"class_list":["post-74083","post","type-post","status-publish","format-standard","has-post-thumbnail","hentry","category-asayis"],"_links":{"self":[{"href":"https:\/\/www.egemtv.com\/index.php?rest_route=\/wp\/v2\/posts\/74083","targetHints":{"allow":["GET"]}}],"collection":[{"href":"https:\/\/www.egemtv.com\/index.php?rest_route=\/wp\/v2\/posts"}],"about":[{"href":"https:\/\/www.egemtv.com\/index.php?rest_route=\/wp\/v2\/types\/post"}],"author":[{"embeddable":true,"href":"https:\/\/www.egemtv.com\/index.php?rest_route=\/wp\/v2\/users\/1"}],"replies":[{"embeddable":true,"href":"https:\/\/www.egemtv.com\/index.php?rest_route=%2Fwp%2Fv2%2Fcomments&post=74083"}],"version-history":[{"count":1,"href":"https:\/\/www.egemtv.com\/index.php?rest_route=\/wp\/v2\/posts\/74083\/revisions"}],"predecessor-version":[{"id":74085,"href":"https:\/\/www.egemtv.com\/index.php?rest_route=\/wp\/v2\/posts\/74083\/revisions\/74085"}],"wp:featuredmedia":[{"embeddable":true,"href":"https:\/\/www.egemtv.com\/index.php?rest_route=\/wp\/v2\/media\/74084"}],"wp:attachment":[{"href":"https:\/\/www.egemtv.com\/index.php?rest_route=%2Fwp%2Fv2%2Fmedia&parent=74083"}],"wp:term":[{"taxonomy":"category","embeddable":true,"href":"https:\/\/www.egemtv.com\/index.php?rest_route=%2Fwp%2Fv2%2Fcategories&post=74083"},{"taxonomy":"post_tag","embeddable":true,"href":"https:\/\/www.egemtv.com\/index.php?rest_route=%2Fwp%2Fv2%2Ftags&post=74083"}],"curies":[{"name":"wp","href":"https:\/\/api.w.org\/{rel}","templated":true}]}}