{"id":74077,"date":"2025-12-14T09:36:11","date_gmt":"2025-12-14T06:36:11","guid":{"rendered":"https:\/\/www.egemtv.com\/?p=74077"},"modified":"2025-12-14T09:36:12","modified_gmt":"2025-12-14T06:36:12","slug":"muglanin-degerleri-belgeseli-buyuk-ilgi-goruyor","status":"publish","type":"post","link":"https:\/\/www.egemtv.com\/?p=74077","title":{"rendered":"\u2019Mu\u011fla\u2019n\u0131n De\u011ferleri\u2019 belgeseli b\u00fcy\u00fck ilgi g\u00f6r\u00fcyor"},"content":{"rendered":"<p>Mu\u011fla Valili\u011fi Bas\u0131n ve Halkla \u0130li\u015fkiler Birimi taraf\u0131ndan haz\u0131rlanan \u2019Mu\u011fla\u2019n\u0131n De\u011ferleri\u2019 adl\u0131 k\u0131sa metrajl\u0131 belgesel dizisi, Valili\u011fin sosyal medya hesaplar\u0131nda yay\u0131nlanmaya ba\u015flamas\u0131n\u0131n ard\u0131ndan b\u00fcy\u00fck ilgi g\u00f6rd\u00fc. K\u0131sa s\u00fcrede binlerce izlenmeye ula\u015fan yap\u0131m, hem g\u00f6rsel hem de s\u00f6zl\u00fc i\u00e7erikleriyle Mu\u011fla\u2019n\u0131n zengin k\u00fclt\u00fcrel miras\u0131n\u0131 gelecek ku\u015faklara aktarmay\u0131 hedefliyor.<br \/>\n<br \/>Belgesel dizisi, Mu\u011fla\u2019n\u0131n unutulmaya y\u00fcz tutmu\u015f mesleklerini, Mu\u011fla ekonomisine katk\u0131 sunanlar\u0131, geleneksel ya\u015fam bi\u00e7imlerini ve yerel de\u011ferlerini kay\u0131t alt\u0131na alarak kentin tarihine \u00f6nemli bir not d\u00fc\u015f\u00fcyor. Her b\u00f6l\u00fcmde yeni y\u00fczler ile ya\u015famlar\u0131, meslekleri, mesleki hat\u0131ralar\u0131 ile ekonomiye sunduklar\u0131 katk\u0131 ele al\u0131n\u0131yor.<br \/>\n<br \/>Vatanda\u015flardan gelen yo\u011fun talep \u00fczerine Mu\u011fla Valili\u011fi, yeni b\u00f6l\u00fcmler \u00e7ekmeye devam ediyor. Her b\u00f6l\u00fcmde farkl\u0131 y\u00fczler, kaybolmaya y\u00fcz tutmu\u015f meslekler ve k\u00fclt\u00fcrel zenginlikler izleyicilerle bulu\u015fuyor.<br \/>\n<br \/>Mu\u011fla Valili\u011fi sosyal medya hesaplar\u0131ndan aral\u0131klarla yay\u0131mlanan \u2019Mu\u011fla\u2019n\u0131n De\u011ferleri\u2019 belgeseli, ilk b\u00f6l\u00fcm\u00fcnden bu yana pek \u00e7ok de\u011feri ve onlara ait hat\u0131ralar\u0131 payla\u015farak geni\u015f bir izleyici kitlesine ula\u015fmay\u0131 ba\u015fard\u0131. Belgesel dizisinin \u00f6n\u00fcm\u00fczdeki d\u00f6nemde de Mu\u011fla\u2019n\u0131n tarihi, k\u00fclt\u00fcrel ve ekonomik kimli\u011fine katk\u0131 sunan yeni y\u00fczleri tan\u0131tma misyonunu s\u00fcrd\u00fcrece\u011fi ifade edildi.<br \/>\n<br \/>Mu\u011fla Valisi Dr. \u0130dris Akb\u0131y\u0131k, Mu\u011fla\u2019n\u0131n bir turizm kenti olmas\u0131n\u0131n yan\u0131nda bir k\u00fclt\u00fcr kenti oldu\u011funu, ya\u015fayan \u00e7ok say\u0131da de\u011ferlerin bulundu\u011funu, Mu\u011fla Valili\u011fi Bas\u0131n ve Halkla \u0130li\u015fkiler M\u00fcd\u00fcrl\u00fc\u011f\u00fc birimi taraf\u0131ndan tarihe not d\u00fc\u015f\u00fclmesi anlam\u0131nda her hafta k\u0131sa metrajl\u0131 belgesellerin haz\u0131rland\u0131\u011f\u0131n\u0131 a\u00e7\u0131klad\u0131. Vali Akb\u0131y\u0131k, bu belgesellerin bundan sonra da devam etmesi i\u00e7in destek verdi\u011fini belirterek, &#8220;Bizim tarihimizden kaynaklanan, k\u00fclt\u00fcr\u00fcm\u00fczden kaynaklanan \u00e7ok de\u011ferli vatanda\u015flar\u0131m\u0131z var, sanatk\u00e2rlar\u0131m\u0131z, zanaatlar\u0131m\u0131z var, geleneklerimiz, g\u00f6reneklerimiz var, tarihi \u00e7\u0131narlar\u0131m\u0131z var. Bunlar\u0131n da topluma tan\u0131t\u0131lmas\u0131, bizim Valilik Bas\u0131n ve Halkla \u0130li\u015fkiler M\u00fcd\u00fcrl\u00fc\u011f\u00fcm\u00fcz, sosyal medya ile u\u011fra\u015fan arkada\u015flar\u0131m\u0131z \u00e7ok g\u00fczel Mu\u011fla belgeselleri yap\u0131yorlar ve ciddi destek ve ilgi g\u00f6r\u00fcyor Mu\u011fla\u2019da. Ve en \u00e7ok izlenme ve be\u011feni alan payla\u015f\u0131mlar\u0131m\u0131z Mu\u011fla\u2019n\u0131n De\u011ferleri. Bir\u00e7ok b\u00f6l\u00fcm yap\u0131ld\u0131. \u00d6zellikle de toplumun kabul g\u00f6rd\u00fc\u011f\u00fc baz\u0131lar\u0131 kaybolmaya y\u00fcz tutmu\u015f sanatlar\u0131m\u0131z gibi b\u00f6l\u00fcmler haz\u0131rlad\u0131lar. Bundan sonra bu devam edecek. Biz Mu\u011fla\u2019m\u0131z\u0131 her y\u00f6n\u00fcyle tan\u0131tmaya \u00e7al\u0131\u015f\u0131yoruz. Bu de\u011ferlerimiz de hem bunlar\u0131n ya\u015fat\u0131lmas\u0131, tarihi bir not d\u00fc\u015f\u00fclmesi anlam\u0131nda \u00f6nemli, hem de devam\u0131 anlam\u0131nda \u00f6nemli. Bir bak\u0131r i\u015f\u00e7ili\u011finden tutup Helvac\u0131 Amca\u2019ya kadar bir\u00e7ok de\u011ferlerimiz var. \u00d6nceki b\u00f6l\u00fcmde Milas \u00c7omakda\u011f\u2019\u0131nda, yine Milas\u2019ta ba\u015fka bir mahallemizde, zurna-davul ile ilgili bir belgesel yap\u0131ld\u0131. Ger\u00e7ekten \u00e7ok be\u011feni topluyor ve bize en \u00e7ok da bunlar\u0131n devam etmesi y\u00f6n\u00fcnde talep geliyor. Biz de bunu 13 il\u00e7emiz ile Mu\u011fla\u2019m\u0131z yery\u00fcz\u00fc cenneti her \u015feyiyle, insan\u0131yla, sanat\u0131yla, do\u011fas\u0131yla, tar\u0131m\u0131yla, orman\u0131yla bunlar\u0131 ya\u015fatmak, hem turizm anlam\u0131nda hem de bunlar\u0131n tarihi bir not d\u00fc\u015f\u00fclmesi anlam\u0131nda topluma tan\u0131tmak i\u00e7in bu belgeselleri yap\u0131yoruz. Yapan arkada\u015flar \u00e7ok ba\u015far\u0131l\u0131. Hepsine te\u015fekk\u00fcr ediyorum&#8221; dedi.<br \/><\/p>\n","protected":false},"excerpt":{"rendered":"<p>Mu\u011fla Valili\u011fi Bas\u0131n ve Halkla \u0130li\u015fkiler Birimi taraf\u0131ndan haz\u0131rlanan \u2019Mu\u011fla\u2019n\u0131n De\u011ferleri\u2019 adl\u0131 k\u0131sa metrajl\u0131 belgesel dizisi, Valili\u011fin sosyal medya hesaplar\u0131nda yay\u0131nlanmaya ba\u015flamas\u0131n\u0131n ard\u0131ndan b\u00fcy\u00fck ilgi g\u00f6rd\u00fc. K\u0131sa s\u00fcrede binlerce izlenmeye ula\u015fan yap\u0131m, hem g\u00f6rsel hem de s\u00f6zl\u00fc i\u00e7erikleriyle Mu\u011fla\u2019n\u0131n zengin k\u00fclt\u00fcrel miras\u0131n\u0131 gelecek ku\u015faklara aktarmay\u0131 hedefliyor. Belgesel dizisi, Mu\u011fla\u2019n\u0131n unutulmaya y\u00fcz tutmu\u015f mesleklerini, Mu\u011fla ekonomisine&#8230;<\/p>\n","protected":false},"author":1,"featured_media":74078,"comment_status":"open","ping_status":"open","sticky":false,"template":"","format":"standard","meta":{"_crdt_document":"","footnotes":""},"categories":[1],"tags":[],"class_list":["post-74077","post","type-post","status-publish","format-standard","has-post-thumbnail","hentry","category-guncel"],"_links":{"self":[{"href":"https:\/\/www.egemtv.com\/index.php?rest_route=\/wp\/v2\/posts\/74077","targetHints":{"allow":["GET"]}}],"collection":[{"href":"https:\/\/www.egemtv.com\/index.php?rest_route=\/wp\/v2\/posts"}],"about":[{"href":"https:\/\/www.egemtv.com\/index.php?rest_route=\/wp\/v2\/types\/post"}],"author":[{"embeddable":true,"href":"https:\/\/www.egemtv.com\/index.php?rest_route=\/wp\/v2\/users\/1"}],"replies":[{"embeddable":true,"href":"https:\/\/www.egemtv.com\/index.php?rest_route=%2Fwp%2Fv2%2Fcomments&post=74077"}],"version-history":[{"count":1,"href":"https:\/\/www.egemtv.com\/index.php?rest_route=\/wp\/v2\/posts\/74077\/revisions"}],"predecessor-version":[{"id":74079,"href":"https:\/\/www.egemtv.com\/index.php?rest_route=\/wp\/v2\/posts\/74077\/revisions\/74079"}],"wp:featuredmedia":[{"embeddable":true,"href":"https:\/\/www.egemtv.com\/index.php?rest_route=\/wp\/v2\/media\/74078"}],"wp:attachment":[{"href":"https:\/\/www.egemtv.com\/index.php?rest_route=%2Fwp%2Fv2%2Fmedia&parent=74077"}],"wp:term":[{"taxonomy":"category","embeddable":true,"href":"https:\/\/www.egemtv.com\/index.php?rest_route=%2Fwp%2Fv2%2Fcategories&post=74077"},{"taxonomy":"post_tag","embeddable":true,"href":"https:\/\/www.egemtv.com\/index.php?rest_route=%2Fwp%2Fv2%2Ftags&post=74077"}],"curies":[{"name":"wp","href":"https:\/\/api.w.org\/{rel}","templated":true}]}}