{"id":74074,"date":"2025-12-14T09:14:42","date_gmt":"2025-12-14T06:14:42","guid":{"rendered":"https:\/\/www.egemtv.com\/?p=74074"},"modified":"2025-12-14T09:14:43","modified_gmt":"2025-12-14T06:14:43","slug":"uzum-hasadinda-sona-yaklasildi","status":"publish","type":"post","link":"https:\/\/www.egemtv.com\/?p=74074","title":{"rendered":"\u00dcz\u00fcm hasad\u0131nda sona yakla\u015f\u0131ld\u0131"},"content":{"rendered":"<p>Sar\u0131g\u00f6l Ovas\u0131\u2019n\u0131n d\u00fcnyaca \u00fcnl\u00fc sofral\u0131k Sultaniye \u00fcz\u00fcmlerinin yeti\u015ftirildi\u011fi Sar\u0131g\u00f6l ve mahallelerinde hasat sezonunda sona yakla\u015f\u0131ld\u0131.<br \/>\n<br \/>2025 y\u0131l\u0131 \u00fcr\u00fcn\u00fc \u00fcz\u00fcmlerde erkenci kesimlerle ba\u015flayan hasat \u00e7al\u0131\u015fmalar\u0131n\u0131n, Sultaniye ve \u00e7ekirdekli sofral\u0131k \u00fcz\u00fcm kesimleriyle devam etti\u011fi, \u00f6n\u00fcm\u00fczdeki g\u00fcnlerde ise tamamen tamamlanmas\u0131n\u0131n beklendi\u011fi bildirildi. Ya\u011fmur ve \u00e7amura ra\u011fmen \u00f6rt\u00fc alt\u0131ndaki ba\u011flarda s\u00fcrd\u00fcr\u00fclen kesimlerde, adeta a\u00e7\u0131k hava so\u011fuk deposunu and\u0131ran ba\u011flardan Aral\u0131k ay\u0131n\u0131n ortalar\u0131na gelinmesine ra\u011fmen taze \u00fcz\u00fcmler kesilerek yurdun \u00e7e\u015fitli illerindeki pazarlarda tezgahlardaki yerini al\u0131yor.<br \/>\n<br \/>\u0130hracat\u0131n yok denecek kadar az oldu\u011fu bu d\u00f6nemde, Sultaniye ve Red Globe cinsi \u00fcz\u00fcmlerin kamyonlarla i\u00e7 piyasaya g\u00f6nderildi\u011fi ifade edildi. Sar\u0131g\u00f6l ve mahallelerinde yakla\u015f\u0131k 113 bin dekarl\u0131k alanda yap\u0131lan ba\u011fc\u0131l\u0131k faaliyetlerinde \u00fcreticiler, bu y\u0131l\u0131n olduk\u00e7a s\u0131k\u0131nt\u0131l\u0131 ge\u00e7ti\u011fini dile getirdi.<br \/>\n<br \/>\u00dcreticiler, girdi maliyetlerinin y\u00fcksek olmas\u0131na ra\u011fmen ya\u015f ve kuru \u00fcz\u00fcm fiyatlar\u0131n\u0131n beklentilerin alt\u0131nda kalmas\u0131n\u0131n hayal k\u0131r\u0131kl\u0131\u011f\u0131 olu\u015fturdu\u011funu belirtti. Sar\u0131g\u00f6l ve \u00e7evresinde say\u0131l\u0131 ba\u011flarda \u00f6rt\u00fc alt\u0131 \u00fcz\u00fcmlerin kald\u0131\u011f\u0131, kalan \u00fcr\u00fcnlerin ise turfanda olarak sat\u0131lmaya devam etti\u011fi kaydedildi. \u00d6n\u00fcm\u00fczdeki g\u00fcnlerde kesimlerin tamamlanmas\u0131yla sezonun kapanmas\u0131n\u0131n beklendi\u011fi belirtildi.<br \/>\n<br \/>Sar\u0131g\u00f6l Ziraat Odas\u0131 Ba\u015fkan\u0131 Ali \u0130hsan \u00dclgen, &#8220;\u00c7ift\u00e7inin y\u0131l\u0131 bitmez, her y\u0131l \u2018gelecek y\u0131l in\u015fallah\u2019 diyerek umutla \u00fcretime devam eder. Bu y\u0131l \u00fcz\u00fcmde girdi fiyatlar\u0131 \u00e7ok y\u00fcksekti. Buna ra\u011fmen ya\u015f ve kuru \u00fcz\u00fcm fiyatlar\u0131 umulan seviyede olmad\u0131&#8221; dedi.<br \/>\n<br \/>\u00d6te yandan sezon boyunca \u00fcz\u00fcm ba\u011flar\u0131ndan toplanan taze asma yapraklar\u0131n\u0131n da \u00fcretici ailelere ekonomik destek sa\u011flad\u0131\u011f\u0131, taze ve salamura yaprak sat\u0131\u015flar\u0131n\u0131n yan\u0131 s\u0131ra kuru \u00fcz\u00fcm ve pekmez yap\u0131m\u0131yla aile b\u00fct\u00e7elerine \u00f6nemli katk\u0131 sunuldu\u011fu ifade edildi.<br \/><\/p>\n","protected":false},"excerpt":{"rendered":"<p>Sar\u0131g\u00f6l Ovas\u0131\u2019n\u0131n d\u00fcnyaca \u00fcnl\u00fc sofral\u0131k Sultaniye \u00fcz\u00fcmlerinin yeti\u015ftirildi\u011fi Sar\u0131g\u00f6l ve mahallelerinde hasat sezonunda sona yakla\u015f\u0131ld\u0131. 2025 y\u0131l\u0131 \u00fcr\u00fcn\u00fc \u00fcz\u00fcmlerde erkenci kesimlerle ba\u015flayan hasat \u00e7al\u0131\u015fmalar\u0131n\u0131n, Sultaniye ve \u00e7ekirdekli sofral\u0131k \u00fcz\u00fcm kesimleriyle devam etti\u011fi, \u00f6n\u00fcm\u00fczdeki g\u00fcnlerde ise tamamen tamamlanmas\u0131n\u0131n beklendi\u011fi bildirildi. Ya\u011fmur ve \u00e7amura ra\u011fmen \u00f6rt\u00fc alt\u0131ndaki ba\u011flarda s\u00fcrd\u00fcr\u00fclen kesimlerde, adeta a\u00e7\u0131k hava so\u011fuk deposunu and\u0131ran ba\u011flardan&#8230;<\/p>\n","protected":false},"author":1,"featured_media":74075,"comment_status":"open","ping_status":"open","sticky":false,"template":"","format":"standard","meta":{"_crdt_document":"","footnotes":""},"categories":[125],"tags":[],"class_list":["post-74074","post","type-post","status-publish","format-standard","has-post-thumbnail","hentry","category-ekonomi"],"_links":{"self":[{"href":"https:\/\/www.egemtv.com\/index.php?rest_route=\/wp\/v2\/posts\/74074","targetHints":{"allow":["GET"]}}],"collection":[{"href":"https:\/\/www.egemtv.com\/index.php?rest_route=\/wp\/v2\/posts"}],"about":[{"href":"https:\/\/www.egemtv.com\/index.php?rest_route=\/wp\/v2\/types\/post"}],"author":[{"embeddable":true,"href":"https:\/\/www.egemtv.com\/index.php?rest_route=\/wp\/v2\/users\/1"}],"replies":[{"embeddable":true,"href":"https:\/\/www.egemtv.com\/index.php?rest_route=%2Fwp%2Fv2%2Fcomments&post=74074"}],"version-history":[{"count":1,"href":"https:\/\/www.egemtv.com\/index.php?rest_route=\/wp\/v2\/posts\/74074\/revisions"}],"predecessor-version":[{"id":74076,"href":"https:\/\/www.egemtv.com\/index.php?rest_route=\/wp\/v2\/posts\/74074\/revisions\/74076"}],"wp:featuredmedia":[{"embeddable":true,"href":"https:\/\/www.egemtv.com\/index.php?rest_route=\/wp\/v2\/media\/74075"}],"wp:attachment":[{"href":"https:\/\/www.egemtv.com\/index.php?rest_route=%2Fwp%2Fv2%2Fmedia&parent=74074"}],"wp:term":[{"taxonomy":"category","embeddable":true,"href":"https:\/\/www.egemtv.com\/index.php?rest_route=%2Fwp%2Fv2%2Fcategories&post=74074"},{"taxonomy":"post_tag","embeddable":true,"href":"https:\/\/www.egemtv.com\/index.php?rest_route=%2Fwp%2Fv2%2Ftags&post=74074"}],"curies":[{"name":"wp","href":"https:\/\/api.w.org\/{rel}","templated":true}]}}