{"id":74071,"date":"2025-12-14T00:34:41","date_gmt":"2025-12-13T21:34:41","guid":{"rendered":"https:\/\/www.egemtv.com\/?p=74071"},"modified":"2025-12-14T00:34:42","modified_gmt":"2025-12-13T21:34:42","slug":"beton-mikserine-carpan-surucu-hayatini-kaybetti","status":"publish","type":"post","link":"https:\/\/www.egemtv.com\/?p=74071","title":{"rendered":"Beton mikserine \u00e7arpan s\u00fcr\u00fcc\u00fc hayat\u0131n\u0131 kaybetti"},"content":{"rendered":"<p>Afyonkarahisar\u2019da beton mikseriyle \u00e7arp\u0131\u015fan otomobilin s\u00fcr\u00fcc\u00fcs\u00fc kald\u0131r\u0131ld\u0131\u011f\u0131 hastanede ya\u015fam\u0131n\u0131 yitirdi.<br \/>\n<br \/>Kaza, kent merkezine ba\u011fl\u0131 Karaaslan k\u00f6y\u00fc yak\u0131nlar\u0131nda meydana geldi. Edinilen bilgilere g\u00f6re, E.G. idaresindeki 03 AAN 963 plakal\u0131 otomobil hen\u00fcz belirlenemeyen bir sebepten \u00f6t\u00fcr\u00fc M.Y\u2019nin kulland\u0131\u011f\u0131 beton mikserine arkadan \u00e7arpt\u0131. Kazada hurdaya d\u00f6nen otomobilin s\u00fcr\u00fcc\u00fcs\u00fc olay yerine gelen sa\u011fl\u0131k ve itfaiye itfaiye ekipleri taraf\u0131ndan s\u0131k\u0131\u015ft\u0131\u011f\u0131 yerden \u00e7\u0131kar\u0131larak ambulansla hastaneye kald\u0131r\u0131ld\u0131. Ancak E.G., burada yap\u0131lan m\u00fcdahaleye ra\u011fmen kurtar\u0131lamayarak ya\u015fam\u0131n\u0131 yitirdi.<br \/>\n<br \/>Kazan\u0131n ard\u0131ndan jandarma taraf\u0131ndan inceleme ba\u015flat\u0131l\u0131rken, beton mikseri s\u00fcr\u00fcc\u00fcs\u00fc M.Y.\u2019yi g\u00f6zalt\u0131na al\u0131nd\u0131.<br \/><\/p>\n","protected":false},"excerpt":{"rendered":"<p>Afyonkarahisar\u2019da beton mikseriyle \u00e7arp\u0131\u015fan otomobilin s\u00fcr\u00fcc\u00fcs\u00fc kald\u0131r\u0131ld\u0131\u011f\u0131 hastanede ya\u015fam\u0131n\u0131 yitirdi. Kaza, kent merkezine ba\u011fl\u0131 Karaaslan k\u00f6y\u00fc yak\u0131nlar\u0131nda meydana geldi. Edinilen bilgilere g\u00f6re, E.G. idaresindeki 03 AAN 963 plakal\u0131 otomobil hen\u00fcz belirlenemeyen bir sebepten \u00f6t\u00fcr\u00fc M.Y\u2019nin kulland\u0131\u011f\u0131 beton mikserine arkadan \u00e7arpt\u0131. Kazada hurdaya d\u00f6nen otomobilin s\u00fcr\u00fcc\u00fcs\u00fc olay yerine gelen sa\u011fl\u0131k ve itfaiye itfaiye ekipleri taraf\u0131ndan s\u0131k\u0131\u015ft\u0131\u011f\u0131&#8230;<\/p>\n","protected":false},"author":1,"featured_media":74072,"comment_status":"open","ping_status":"open","sticky":false,"template":"","format":"standard","meta":{"_crdt_document":"","footnotes":""},"categories":[5],"tags":[],"class_list":["post-74071","post","type-post","status-publish","format-standard","has-post-thumbnail","hentry","category-asayis"],"_links":{"self":[{"href":"https:\/\/www.egemtv.com\/index.php?rest_route=\/wp\/v2\/posts\/74071","targetHints":{"allow":["GET"]}}],"collection":[{"href":"https:\/\/www.egemtv.com\/index.php?rest_route=\/wp\/v2\/posts"}],"about":[{"href":"https:\/\/www.egemtv.com\/index.php?rest_route=\/wp\/v2\/types\/post"}],"author":[{"embeddable":true,"href":"https:\/\/www.egemtv.com\/index.php?rest_route=\/wp\/v2\/users\/1"}],"replies":[{"embeddable":true,"href":"https:\/\/www.egemtv.com\/index.php?rest_route=%2Fwp%2Fv2%2Fcomments&post=74071"}],"version-history":[{"count":1,"href":"https:\/\/www.egemtv.com\/index.php?rest_route=\/wp\/v2\/posts\/74071\/revisions"}],"predecessor-version":[{"id":74073,"href":"https:\/\/www.egemtv.com\/index.php?rest_route=\/wp\/v2\/posts\/74071\/revisions\/74073"}],"wp:featuredmedia":[{"embeddable":true,"href":"https:\/\/www.egemtv.com\/index.php?rest_route=\/wp\/v2\/media\/74072"}],"wp:attachment":[{"href":"https:\/\/www.egemtv.com\/index.php?rest_route=%2Fwp%2Fv2%2Fmedia&parent=74071"}],"wp:term":[{"taxonomy":"category","embeddable":true,"href":"https:\/\/www.egemtv.com\/index.php?rest_route=%2Fwp%2Fv2%2Fcategories&post=74071"},{"taxonomy":"post_tag","embeddable":true,"href":"https:\/\/www.egemtv.com\/index.php?rest_route=%2Fwp%2Fv2%2Ftags&post=74071"}],"curies":[{"name":"wp","href":"https:\/\/api.w.org\/{rel}","templated":true}]}}