{"id":74068,"date":"2025-12-14T00:14:32","date_gmt":"2025-12-13T21:14:32","guid":{"rendered":"https:\/\/www.egemtv.com\/?p=74068"},"modified":"2025-12-14T00:14:33","modified_gmt":"2025-12-13T21:14:33","slug":"parka-gitmek-icin-evden-ayrilan-cocuk-her-yerde-araniyor","status":"publish","type":"post","link":"https:\/\/www.egemtv.com\/?p=74068","title":{"rendered":"Parka gitmek i\u00e7in evden ayr\u0131lan \u00e7ocuk her yerde aran\u0131yor"},"content":{"rendered":"<p>Ayd\u0131n\u2019\u0131n Efeler il\u00e7esinde parka gitmek i\u00e7in evden ayr\u0131lan ve haber al\u0131namayan k\u00fc\u00e7\u00fck \u00e7ocu\u011fun bulunmas\u0131 i\u00e7in \u00e7al\u0131\u015fma ba\u015flat\u0131ld\u0131.<br \/>\n<br \/>Olay, Efeler il\u00e7esi Adnan Menderes Bulvar\u0131 528 Sokak \u00fczerinde meydana geldi. Edinilen bilgiye g\u00f6re, sabah saatlerinde parka gitmek i\u00e7in evden ayr\u0131lan 11 ya\u015f\u0131ndaki Ecem D., geri d\u00f6nmedi. Bu saate kadar k\u00fc\u00e7\u00fck \u00e7ocuktan haber alamayan ailesi, karakola giderek kay\u0131p ba\u015fvurusunda bulundu. \u0130hbar \u00fczerine polis ekipleri, k\u0131z \u00e7ocu\u011funun bulunmas\u0131 i\u00e7in \u00e7al\u0131\u015fma ba\u015flatt\u0131. Olayla ilgili inceleme s\u00fcr\u00fcyor.<br \/><\/p>\n","protected":false},"excerpt":{"rendered":"<p>Ayd\u0131n\u2019\u0131n Efeler il\u00e7esinde parka gitmek i\u00e7in evden ayr\u0131lan ve haber al\u0131namayan k\u00fc\u00e7\u00fck \u00e7ocu\u011fun bulunmas\u0131 i\u00e7in \u00e7al\u0131\u015fma ba\u015flat\u0131ld\u0131. Olay, Efeler il\u00e7esi Adnan Menderes Bulvar\u0131 528 Sokak \u00fczerinde meydana geldi. Edinilen bilgiye g\u00f6re, sabah saatlerinde parka gitmek i\u00e7in evden ayr\u0131lan 11 ya\u015f\u0131ndaki Ecem D., geri d\u00f6nmedi. Bu saate kadar k\u00fc\u00e7\u00fck \u00e7ocuktan haber alamayan ailesi, karakola giderek kay\u0131p&#8230;<\/p>\n","protected":false},"author":1,"featured_media":74069,"comment_status":"open","ping_status":"open","sticky":false,"template":"","format":"standard","meta":{"_crdt_document":"","footnotes":""},"categories":[5],"tags":[],"class_list":["post-74068","post","type-post","status-publish","format-standard","has-post-thumbnail","hentry","category-asayis"],"_links":{"self":[{"href":"https:\/\/www.egemtv.com\/index.php?rest_route=\/wp\/v2\/posts\/74068","targetHints":{"allow":["GET"]}}],"collection":[{"href":"https:\/\/www.egemtv.com\/index.php?rest_route=\/wp\/v2\/posts"}],"about":[{"href":"https:\/\/www.egemtv.com\/index.php?rest_route=\/wp\/v2\/types\/post"}],"author":[{"embeddable":true,"href":"https:\/\/www.egemtv.com\/index.php?rest_route=\/wp\/v2\/users\/1"}],"replies":[{"embeddable":true,"href":"https:\/\/www.egemtv.com\/index.php?rest_route=%2Fwp%2Fv2%2Fcomments&post=74068"}],"version-history":[{"count":1,"href":"https:\/\/www.egemtv.com\/index.php?rest_route=\/wp\/v2\/posts\/74068\/revisions"}],"predecessor-version":[{"id":74070,"href":"https:\/\/www.egemtv.com\/index.php?rest_route=\/wp\/v2\/posts\/74068\/revisions\/74070"}],"wp:featuredmedia":[{"embeddable":true,"href":"https:\/\/www.egemtv.com\/index.php?rest_route=\/wp\/v2\/media\/74069"}],"wp:attachment":[{"href":"https:\/\/www.egemtv.com\/index.php?rest_route=%2Fwp%2Fv2%2Fmedia&parent=74068"}],"wp:term":[{"taxonomy":"category","embeddable":true,"href":"https:\/\/www.egemtv.com\/index.php?rest_route=%2Fwp%2Fv2%2Fcategories&post=74068"},{"taxonomy":"post_tag","embeddable":true,"href":"https:\/\/www.egemtv.com\/index.php?rest_route=%2Fwp%2Fv2%2Ftags&post=74068"}],"curies":[{"name":"wp","href":"https:\/\/api.w.org\/{rel}","templated":true}]}}