{"id":74062,"date":"2025-12-13T23:34:45","date_gmt":"2025-12-13T20:34:45","guid":{"rendered":"https:\/\/www.egemtv.com\/?p=74062"},"modified":"2025-12-13T23:34:46","modified_gmt":"2025-12-13T20:34:46","slug":"demircinin-2-milyarlik-altyapi-yatirimi-tamamlandi","status":"publish","type":"post","link":"https:\/\/www.egemtv.com\/?p=74062","title":{"rendered":"Demirci\u2019nin 2 milyarl\u0131k altyap\u0131 yat\u0131r\u0131m\u0131 tamamland\u0131"},"content":{"rendered":"<p>Manisa Su ve Kanalizasyon \u0130daresi (MASK\u0130) Genel M\u00fcd\u00fcrl\u00fc\u011f\u00fc taraf\u0131ndan Demirci il\u00e7esinde hayata ge\u00e7irilen yakla\u015f\u0131k 2 milyar liral\u0131k dev altyap\u0131 yat\u0131r\u0131mlar\u0131n\u0131n tamamlanmas\u0131n\u0131n ard\u0131ndan, projelerin resmikabul i\u015flemleri ger\u00e7ekle\u015ftirildi. \u0130\u00e7me suyu hatt\u0131, abone ba\u011flant\u0131lar\u0131, kanalizasyon hatt\u0131, at\u0131k su ar\u0131tma tesisi ve i\u00e7me suyu deposu \u00e7al\u0131\u015fmalar\u0131n\u0131 kapsayan projelerle Demirci\u2019nin altyap\u0131s\u0131 ba\u015ftan sona yenilendi.<br \/>\n<br \/>Manisa B\u00fcy\u00fck\u015fehir Belediye Ba\u015fkan\u0131 Besim Dutlulu\u2019nun 17 il\u00e7eye e\u015fit hizmet ula\u015ft\u0131rma hedefi do\u011frultusunda \u00e7al\u0131\u015fmalar\u0131n\u0131 s\u00fcrd\u00fcren MASK\u0130 Genel M\u00fcd\u00fcrl\u00fc\u011f\u00fc, Demirci il\u00e7esinde toplam 160 kilometrelik altyap\u0131 imalat\u0131n\u0131 tamamlad\u0131. Kanalizasyon, ya\u011fmur suyu ve i\u00e7me suyu hatlar\u0131n\u0131n yan\u0131 s\u0131ra abone ba\u011flant\u0131lar\u0131, i\u00e7me suyu depolar\u0131 ve at\u0131k su ar\u0131tma tesisi projelerinin kabul i\u015flemleri yap\u0131ld\u0131.<br \/>\n<br \/>Yakla\u015f\u0131k 2 milyar liral\u0131k yat\u0131r\u0131m\u0131n resmikabul i\u015flemleri; \u0130ller Bankas\u0131 B\u00f6lge M\u00fcd\u00fcr\u00fc \u0130zzet G\u00fcnal, MASK\u0130 Yat\u0131r\u0131m ve \u0130n\u015faat Daire Ba\u015fkan\u0131 Dr. Orhan G\u00f6kdemir, Demirci Belediye Ba\u015fkan Yard\u0131mc\u0131s\u0131 \u0130smail Hakk\u0131 G\u00fcl ve teknik ekiplerin kat\u0131l\u0131m\u0131yla ger\u00e7ekle\u015ftirildi.<\/p>\n<p>&#8220;Demirci uzun y\u0131llar altyap\u0131 sorunu ya\u015famayacak&#8221;<br \/>\n<br \/>Demirci Belediye Ba\u015fkan Yard\u0131mc\u0131s\u0131 \u0130smail Hakk\u0131 G\u00fcl, Manisa B\u00fcy\u00fck\u015fehir Belediyesi ve MASK\u0130 ile uyum i\u00e7erisinde \u00e7al\u0131\u015ft\u0131klar\u0131n\u0131 vurgulayarak, &#8220;El birli\u011fi ile tamamlad\u0131\u011f\u0131m\u0131z bu \u00f6nemli proje sayesinde Demircimiz uzun y\u0131llar altyap\u0131 sorunu ya\u015famayacak. Eme\u011fi ge\u00e7en herkese te\u015fekk\u00fcr ediyorum&#8221; dedi.<\/p>\n<p>&#8220;Demirci daha modern bir g\u00f6r\u00fcn\u00fcme kavu\u015ftu&#8221;<br \/>\n<br \/>\u00c7al\u0131\u015fmalar\u0131 yerinde inceleyen MASK\u0130 Yat\u0131r\u0131m ve \u0130n\u015faat Daire Ba\u015fkan\u0131 Dr. Orhan G\u00f6kdemir ise Demirci\u2019nin altyap\u0131dan \u00fcstyap\u0131ya kadar yenilendi\u011fini belirtti. G\u00f6kdemir, &#8220;\u0130l\u00e7emizde y\u00fcr\u00fctt\u00fc\u011f\u00fcm\u00fcz altyap\u0131 \u00e7al\u0131\u015fmalar\u0131 ba\u015far\u0131l\u0131 bir \u015fekilde tamamland\u0131. Ya\u011fmur suyu, kanalizasyon, i\u00e7me suyu hatlar\u0131 ve abone ba\u011flant\u0131lar\u0131yla birlikte toplam 160 kilometrelik hat d\u00f6\u015fendi. Ayr\u0131ca 1000 metrek\u00fcp ve 700 metrek\u00fcpl\u00fck iki adet i\u00e7me suyu deposu in\u015fa edildi. Y\u0131ll\u0131k 1 milyon 730 bin metrek\u00fcp at\u0131k su ar\u0131tma kapasitesine sahip at\u0131k su ar\u0131tma tesisimizin de kabul i\u015flemlerini ger\u00e7ekle\u015ftirdik. Demirci\u2019mize ve hem\u015fehrilerimize hay\u0131rl\u0131 olsun&#8221; ifadelerini kulland\u0131.<br \/><\/p>\n","protected":false},"excerpt":{"rendered":"<p>Manisa Su ve Kanalizasyon \u0130daresi (MASK\u0130) Genel M\u00fcd\u00fcrl\u00fc\u011f\u00fc taraf\u0131ndan Demirci il\u00e7esinde hayata ge\u00e7irilen yakla\u015f\u0131k 2 milyar liral\u0131k dev altyap\u0131 yat\u0131r\u0131mlar\u0131n\u0131n tamamlanmas\u0131n\u0131n ard\u0131ndan, projelerin resmikabul i\u015flemleri ger\u00e7ekle\u015ftirildi. \u0130\u00e7me suyu hatt\u0131, abone ba\u011flant\u0131lar\u0131, kanalizasyon hatt\u0131, at\u0131k su ar\u0131tma tesisi ve i\u00e7me suyu deposu \u00e7al\u0131\u015fmalar\u0131n\u0131 kapsayan projelerle Demirci\u2019nin altyap\u0131s\u0131 ba\u015ftan sona yenilendi. Manisa B\u00fcy\u00fck\u015fehir Belediye Ba\u015fkan\u0131 Besim Dutlulu\u2019nun&#8230;<\/p>\n","protected":false},"author":1,"featured_media":74063,"comment_status":"open","ping_status":"open","sticky":false,"template":"","format":"standard","meta":{"_crdt_document":"","footnotes":""},"categories":[125],"tags":[],"class_list":["post-74062","post","type-post","status-publish","format-standard","has-post-thumbnail","hentry","category-ekonomi"],"_links":{"self":[{"href":"https:\/\/www.egemtv.com\/index.php?rest_route=\/wp\/v2\/posts\/74062","targetHints":{"allow":["GET"]}}],"collection":[{"href":"https:\/\/www.egemtv.com\/index.php?rest_route=\/wp\/v2\/posts"}],"about":[{"href":"https:\/\/www.egemtv.com\/index.php?rest_route=\/wp\/v2\/types\/post"}],"author":[{"embeddable":true,"href":"https:\/\/www.egemtv.com\/index.php?rest_route=\/wp\/v2\/users\/1"}],"replies":[{"embeddable":true,"href":"https:\/\/www.egemtv.com\/index.php?rest_route=%2Fwp%2Fv2%2Fcomments&post=74062"}],"version-history":[{"count":1,"href":"https:\/\/www.egemtv.com\/index.php?rest_route=\/wp\/v2\/posts\/74062\/revisions"}],"predecessor-version":[{"id":74064,"href":"https:\/\/www.egemtv.com\/index.php?rest_route=\/wp\/v2\/posts\/74062\/revisions\/74064"}],"wp:featuredmedia":[{"embeddable":true,"href":"https:\/\/www.egemtv.com\/index.php?rest_route=\/wp\/v2\/media\/74063"}],"wp:attachment":[{"href":"https:\/\/www.egemtv.com\/index.php?rest_route=%2Fwp%2Fv2%2Fmedia&parent=74062"}],"wp:term":[{"taxonomy":"category","embeddable":true,"href":"https:\/\/www.egemtv.com\/index.php?rest_route=%2Fwp%2Fv2%2Fcategories&post=74062"},{"taxonomy":"post_tag","embeddable":true,"href":"https:\/\/www.egemtv.com\/index.php?rest_route=%2Fwp%2Fv2%2Ftags&post=74062"}],"curies":[{"name":"wp","href":"https:\/\/api.w.org\/{rel}","templated":true}]}}