{"id":74059,"date":"2025-12-13T22:54:53","date_gmt":"2025-12-13T19:54:53","guid":{"rendered":"https:\/\/www.egemtv.com\/?p=74059"},"modified":"2025-12-13T22:54:54","modified_gmt":"2025-12-13T19:54:54","slug":"fethiyede-hafif-ticari-arac-elektrikli-bisiklete-carpti-1-olu","status":"publish","type":"post","link":"https:\/\/www.egemtv.com\/?p=74059","title":{"rendered":"Fethiye\u2019de hafif ticari ara\u00e7, elektrikli bisiklete \u00e7arpt\u0131: 1 \u00f6l\u00fc"},"content":{"rendered":"<p>Mu\u011fla\u2019n\u0131n Fethiye il\u00e7esinde hafif ticari arac\u0131n \u00e7arpt\u0131\u011f\u0131 elektrikli motosiklet s\u00fcr\u00fcc\u00fcs\u00fc hayat\u0131n\u0131 kaybetti.<br \/>\n<br \/>Kaza, Mu\u011fla-Fethiye kara yolu Yan\u0131klar Mahallesi\u2019nde meydana geldi. Edinilen bilgiye g\u00f6re, A.\u00d6. y\u00f6netimindeki 42 GB 063 plakal\u0131 hafif ticari ara\u00e7 seyir halindeyken, iddiaya g\u00f6re yaya yolundan elektrikli motosikletiyle ge\u00e7mekte olan 77 ya\u015f\u0131ndaki Yi\u011fit Ekrem\u2019e \u00e7arpt\u0131. Kaza ihbar\u0131 \u00fczerine b\u00f6lgeye sa\u011fl\u0131k ve jandarma ekipleri sevk edildi. Sa\u011fl\u0131k ekiplerinin yapt\u0131\u011f\u0131 kontrolde ya\u015fl\u0131 adam\u0131n hayat\u0131n\u0131 kaybetti\u011fi belirlendi.<br \/>\n<br \/>Kazayla ilgili soru\u015fturma s\u00fcr\u00fcyor.<br \/><\/p>\n","protected":false},"excerpt":{"rendered":"<p>Mu\u011fla\u2019n\u0131n Fethiye il\u00e7esinde hafif ticari arac\u0131n \u00e7arpt\u0131\u011f\u0131 elektrikli motosiklet s\u00fcr\u00fcc\u00fcs\u00fc hayat\u0131n\u0131 kaybetti. Kaza, Mu\u011fla-Fethiye kara yolu Yan\u0131klar Mahallesi\u2019nde meydana geldi. Edinilen bilgiye g\u00f6re, A.\u00d6. y\u00f6netimindeki 42 GB 063 plakal\u0131 hafif ticari ara\u00e7 seyir halindeyken, iddiaya g\u00f6re yaya yolundan elektrikli motosikletiyle ge\u00e7mekte olan 77 ya\u015f\u0131ndaki Yi\u011fit Ekrem\u2019e \u00e7arpt\u0131. Kaza ihbar\u0131 \u00fczerine b\u00f6lgeye sa\u011fl\u0131k ve jandarma ekipleri&#8230;<\/p>\n","protected":false},"author":1,"featured_media":74060,"comment_status":"open","ping_status":"open","sticky":false,"template":"","format":"standard","meta":{"_crdt_document":"","footnotes":""},"categories":[5],"tags":[],"class_list":["post-74059","post","type-post","status-publish","format-standard","has-post-thumbnail","hentry","category-asayis"],"_links":{"self":[{"href":"https:\/\/www.egemtv.com\/index.php?rest_route=\/wp\/v2\/posts\/74059","targetHints":{"allow":["GET"]}}],"collection":[{"href":"https:\/\/www.egemtv.com\/index.php?rest_route=\/wp\/v2\/posts"}],"about":[{"href":"https:\/\/www.egemtv.com\/index.php?rest_route=\/wp\/v2\/types\/post"}],"author":[{"embeddable":true,"href":"https:\/\/www.egemtv.com\/index.php?rest_route=\/wp\/v2\/users\/1"}],"replies":[{"embeddable":true,"href":"https:\/\/www.egemtv.com\/index.php?rest_route=%2Fwp%2Fv2%2Fcomments&post=74059"}],"version-history":[{"count":1,"href":"https:\/\/www.egemtv.com\/index.php?rest_route=\/wp\/v2\/posts\/74059\/revisions"}],"predecessor-version":[{"id":74061,"href":"https:\/\/www.egemtv.com\/index.php?rest_route=\/wp\/v2\/posts\/74059\/revisions\/74061"}],"wp:featuredmedia":[{"embeddable":true,"href":"https:\/\/www.egemtv.com\/index.php?rest_route=\/wp\/v2\/media\/74060"}],"wp:attachment":[{"href":"https:\/\/www.egemtv.com\/index.php?rest_route=%2Fwp%2Fv2%2Fmedia&parent=74059"}],"wp:term":[{"taxonomy":"category","embeddable":true,"href":"https:\/\/www.egemtv.com\/index.php?rest_route=%2Fwp%2Fv2%2Fcategories&post=74059"},{"taxonomy":"post_tag","embeddable":true,"href":"https:\/\/www.egemtv.com\/index.php?rest_route=%2Fwp%2Fv2%2Ftags&post=74059"}],"curies":[{"name":"wp","href":"https:\/\/api.w.org\/{rel}","templated":true}]}}