{"id":74056,"date":"2025-12-13T22:34:49","date_gmt":"2025-12-13T19:34:49","guid":{"rendered":"https:\/\/www.egemtv.com\/?p=74056"},"modified":"2025-12-13T22:34:50","modified_gmt":"2025-12-13T19:34:50","slug":"ak-parti-gediz-ilce-baskani-osman-yilmaz-gorevinden-istifa-etti","status":"publish","type":"post","link":"https:\/\/www.egemtv.com\/?p=74056","title":{"rendered":"AK Parti Gediz \u0130l\u00e7e Ba\u015fkan\u0131 Osman Y\u0131lmaz g\u00f6revinden istifa etti"},"content":{"rendered":"<p>AK Parti Gediz \u0130l\u00e7e Ba\u015fkan\u0131 Osman Y\u0131lmaz, g\u00f6revinden istifa etti\u011fini a\u00e7\u0131klad\u0131.<br \/>\n<br \/>Y\u0131lmaz, yapt\u0131\u011f\u0131 yaz\u0131l\u0131 a\u00e7\u0131klamada, bug\u00fcne kadar b\u00fcy\u00fck bir onur ve sorumlulukla y\u00fcr\u00fctt\u00fc\u011f\u00fc AK Parti Gediz \u0130l\u00e7e Ba\u015fkanl\u0131\u011f\u0131 g\u00f6revinden ayr\u0131ld\u0131\u011f\u0131n\u0131 kamuoyuyla payla\u015ft\u0131. G\u00f6rev s\u00fcresi boyunca bilerek ya da bilmeyerek kalbini k\u0131rd\u0131\u011f\u0131 ki\u015filer olmu\u015f olabilece\u011fini ifade eden Y\u0131lmaz, herkesten helallik istedi.<br \/>\n<br \/>A\u00e7\u0131klamas\u0131nda t\u00fcm vatanda\u015flar\u0131 sevgi, sayg\u0131 ve muhabbetle selamlayan Osman Y\u0131lmaz, &#8220;Allah\u2019a emanet olun&#8221; ifadelerini kulland\u0131.<br \/><\/p>\n","protected":false},"excerpt":{"rendered":"<p>AK Parti Gediz \u0130l\u00e7e Ba\u015fkan\u0131 Osman Y\u0131lmaz, g\u00f6revinden istifa etti\u011fini a\u00e7\u0131klad\u0131. Y\u0131lmaz, yapt\u0131\u011f\u0131 yaz\u0131l\u0131 a\u00e7\u0131klamada, bug\u00fcne kadar b\u00fcy\u00fck bir onur ve sorumlulukla y\u00fcr\u00fctt\u00fc\u011f\u00fc AK Parti Gediz \u0130l\u00e7e Ba\u015fkanl\u0131\u011f\u0131 g\u00f6revinden ayr\u0131ld\u0131\u011f\u0131n\u0131 kamuoyuyla payla\u015ft\u0131. G\u00f6rev s\u00fcresi boyunca bilerek ya da bilmeyerek kalbini k\u0131rd\u0131\u011f\u0131 ki\u015filer olmu\u015f olabilece\u011fini ifade eden Y\u0131lmaz, herkesten helallik istedi. A\u00e7\u0131klamas\u0131nda t\u00fcm vatanda\u015flar\u0131 sevgi, sayg\u0131&#8230;<\/p>\n","protected":false},"author":1,"featured_media":74057,"comment_status":"open","ping_status":"open","sticky":false,"template":"","format":"standard","meta":{"_crdt_document":"","footnotes":""},"categories":[127],"tags":[],"class_list":["post-74056","post","type-post","status-publish","format-standard","has-post-thumbnail","hentry","category-siyaset"],"_links":{"self":[{"href":"https:\/\/www.egemtv.com\/index.php?rest_route=\/wp\/v2\/posts\/74056","targetHints":{"allow":["GET"]}}],"collection":[{"href":"https:\/\/www.egemtv.com\/index.php?rest_route=\/wp\/v2\/posts"}],"about":[{"href":"https:\/\/www.egemtv.com\/index.php?rest_route=\/wp\/v2\/types\/post"}],"author":[{"embeddable":true,"href":"https:\/\/www.egemtv.com\/index.php?rest_route=\/wp\/v2\/users\/1"}],"replies":[{"embeddable":true,"href":"https:\/\/www.egemtv.com\/index.php?rest_route=%2Fwp%2Fv2%2Fcomments&post=74056"}],"version-history":[{"count":1,"href":"https:\/\/www.egemtv.com\/index.php?rest_route=\/wp\/v2\/posts\/74056\/revisions"}],"predecessor-version":[{"id":74058,"href":"https:\/\/www.egemtv.com\/index.php?rest_route=\/wp\/v2\/posts\/74056\/revisions\/74058"}],"wp:featuredmedia":[{"embeddable":true,"href":"https:\/\/www.egemtv.com\/index.php?rest_route=\/wp\/v2\/media\/74057"}],"wp:attachment":[{"href":"https:\/\/www.egemtv.com\/index.php?rest_route=%2Fwp%2Fv2%2Fmedia&parent=74056"}],"wp:term":[{"taxonomy":"category","embeddable":true,"href":"https:\/\/www.egemtv.com\/index.php?rest_route=%2Fwp%2Fv2%2Fcategories&post=74056"},{"taxonomy":"post_tag","embeddable":true,"href":"https:\/\/www.egemtv.com\/index.php?rest_route=%2Fwp%2Fv2%2Ftags&post=74056"}],"curies":[{"name":"wp","href":"https:\/\/api.w.org\/{rel}","templated":true}]}}