{"id":74053,"date":"2025-12-13T20:14:28","date_gmt":"2025-12-13T17:14:28","guid":{"rendered":"https:\/\/www.egemtv.com\/?p=74053"},"modified":"2025-12-13T20:14:29","modified_gmt":"2025-12-13T17:14:29","slug":"urlada-yanan-orman-icin-umut-yeserdi-500-mese-palamudu-toprakla-bulustu","status":"publish","type":"post","link":"https:\/\/www.egemtv.com\/?p=74053","title":{"rendered":"Urla\u2019da yanan orman i\u00e7in umut ye\u015ferdi: 500 me\u015fe palamudu toprakla bulu\u015ftu"},"content":{"rendered":"<p>\u0130zmir\u2019in Urla il\u00e7esine ba\u011fl\u0131 Barbaros Mahallesi\u2019nde, daha \u00f6nce yang\u0131nda zarar g\u00f6ren \u00e7aml\u0131k alanda yeniden ye\u015fertme \u00e7al\u0131\u015fmas\u0131 ger\u00e7ekle\u015ftirildi. Bak\u00fcs-Der ve Barbaros Muhtarl\u0131\u011f\u0131 \u00f6nc\u00fcl\u00fc\u011f\u00fcnde d\u00fczenlenen etkinlikte, yakla\u015f\u0131k 500 me\u015fe palamudu toprakla bulu\u015fturuldu.<br \/>\n<br \/>B\u00fcy\u00fck k\u00fc\u00e7\u00fck t\u00fcm Barbaroslular\u0131n kat\u0131l\u0131m\u0131yla ger\u00e7ekle\u015fen etkinlikte, yanan ormana sahip \u00e7\u0131k\u0131larak gelece\u011fe umut olacak bir ad\u0131m at\u0131ld\u0131. \u00d6zellikle \u00e7ocuklar\u0131n yo\u011fun ilgi g\u00f6sterdi\u011fi etkinlikte, do\u011fa bilincinin k\u00fc\u00e7\u00fck ya\u015fta kazan\u0131lmas\u0131n\u0131n \u00f6nemi vurguland\u0131.<br \/>\n<br \/>Etkinlik sonunda yap\u0131lan k\u0131sa konu\u015fmada \u00e7ocuklara te\u015fekk\u00fcr edilirken, bahar aylar\u0131nda ekilen tohumlar\u0131n ye\u015fermesinin yine \u00e7ocuklarla birlikte kontrol edilece\u011fi ve o g\u00fcn do\u011fan\u0131n i\u00e7inde k\u00fc\u00e7\u00fck bir piknik yap\u0131laca\u011f\u0131 s\u00f6z\u00fc verildi.<br \/>\n<br \/>Program kapsam\u0131nda, yang\u0131n s\u00f6nd\u00fcrmede kritik rol oynayan g\u00f6letlerde de foto\u011fraflar \u00e7ekildi. Bu alanlar\u0131n korunmas\u0131n\u0131n hayati \u00f6nem ta\u015f\u0131d\u0131\u011f\u0131na dikkat \u00e7ekilerek, do\u011fa ve su kaynaklar\u0131n\u0131n birlikte korunmas\u0131 gerekti\u011fi bir kez daha dile getirildi.<br \/>\n<br \/>Bak\u00fcs-Der ve Barbaros Muhtarl\u0131\u011f\u0131 taraf\u0131ndan yap\u0131lan a\u00e7\u0131klamada, etkinli\u011fe kat\u0131lan \u00e7ocuklara, ailelerine ve destek veren t\u00fcm Barbaroslulara te\u015fekk\u00fcr edilerek, do\u011fay\u0131 koruma ve yeniden ye\u015fertme \u00e7al\u0131\u015fmalar\u0131n\u0131n devam edece\u011fi belirtildi.<br \/><\/p>\n","protected":false},"excerpt":{"rendered":"<p>\u0130zmir\u2019in Urla il\u00e7esine ba\u011fl\u0131 Barbaros Mahallesi\u2019nde, daha \u00f6nce yang\u0131nda zarar g\u00f6ren \u00e7aml\u0131k alanda yeniden ye\u015fertme \u00e7al\u0131\u015fmas\u0131 ger\u00e7ekle\u015ftirildi. Bak\u00fcs-Der ve Barbaros Muhtarl\u0131\u011f\u0131 \u00f6nc\u00fcl\u00fc\u011f\u00fcnde d\u00fczenlenen etkinlikte, yakla\u015f\u0131k 500 me\u015fe palamudu toprakla bulu\u015fturuldu. B\u00fcy\u00fck k\u00fc\u00e7\u00fck t\u00fcm Barbaroslular\u0131n kat\u0131l\u0131m\u0131yla ger\u00e7ekle\u015fen etkinlikte, yanan ormana sahip \u00e7\u0131k\u0131larak gelece\u011fe umut olacak bir ad\u0131m at\u0131ld\u0131. \u00d6zellikle \u00e7ocuklar\u0131n yo\u011fun ilgi g\u00f6sterdi\u011fi etkinlikte, do\u011fa bilincinin&#8230;<\/p>\n","protected":false},"author":1,"featured_media":74054,"comment_status":"open","ping_status":"open","sticky":false,"template":"","format":"standard","meta":{"_crdt_document":"","footnotes":""},"categories":[1],"tags":[],"class_list":["post-74053","post","type-post","status-publish","format-standard","has-post-thumbnail","hentry","category-guncel"],"_links":{"self":[{"href":"https:\/\/www.egemtv.com\/index.php?rest_route=\/wp\/v2\/posts\/74053","targetHints":{"allow":["GET"]}}],"collection":[{"href":"https:\/\/www.egemtv.com\/index.php?rest_route=\/wp\/v2\/posts"}],"about":[{"href":"https:\/\/www.egemtv.com\/index.php?rest_route=\/wp\/v2\/types\/post"}],"author":[{"embeddable":true,"href":"https:\/\/www.egemtv.com\/index.php?rest_route=\/wp\/v2\/users\/1"}],"replies":[{"embeddable":true,"href":"https:\/\/www.egemtv.com\/index.php?rest_route=%2Fwp%2Fv2%2Fcomments&post=74053"}],"version-history":[{"count":1,"href":"https:\/\/www.egemtv.com\/index.php?rest_route=\/wp\/v2\/posts\/74053\/revisions"}],"predecessor-version":[{"id":74055,"href":"https:\/\/www.egemtv.com\/index.php?rest_route=\/wp\/v2\/posts\/74053\/revisions\/74055"}],"wp:featuredmedia":[{"embeddable":true,"href":"https:\/\/www.egemtv.com\/index.php?rest_route=\/wp\/v2\/media\/74054"}],"wp:attachment":[{"href":"https:\/\/www.egemtv.com\/index.php?rest_route=%2Fwp%2Fv2%2Fmedia&parent=74053"}],"wp:term":[{"taxonomy":"category","embeddable":true,"href":"https:\/\/www.egemtv.com\/index.php?rest_route=%2Fwp%2Fv2%2Fcategories&post=74053"},{"taxonomy":"post_tag","embeddable":true,"href":"https:\/\/www.egemtv.com\/index.php?rest_route=%2Fwp%2Fv2%2Ftags&post=74053"}],"curies":[{"name":"wp","href":"https:\/\/api.w.org\/{rel}","templated":true}]}}