{"id":74044,"date":"2025-12-13T18:54:34","date_gmt":"2025-12-13T15:54:34","guid":{"rendered":"https:\/\/www.egemtv.com\/?p=74044"},"modified":"2025-12-13T18:54:34","modified_gmt":"2025-12-13T15:54:34","slug":"emniyetten-edebiyata-emekli-polisten-ikinci-siir-kitabi","status":"publish","type":"post","link":"https:\/\/www.egemtv.com\/?p=74044","title":{"rendered":"Emniyetten edebiyata: Emekli polisten ikinci \u015fiir kitab\u0131"},"content":{"rendered":"<p>Elaz\u0131\u011f\u2019\u0131n Maden il\u00e7esinde do\u011fan ve 32 y\u0131l polis memuru olarak g\u00f6rev yapt\u0131ktan sonra son g\u00f6rev yeri olan Mu\u011fla\u2019n\u0131n Bodrum il\u00e7esine yerle\u015fen Zekeriya \u0130lhan, edebiyat yolculu\u011funu ikinci \u015fiir kitab\u0131yla s\u00fcrd\u00fcr\u00fcyor. \u0130lhan\u2019\u0131n &#8220;Aynadaki Yalan&#8221; isimli \u015fiir kitab\u0131, ge\u00e7ti\u011fimiz aylarda bas\u0131larak okuyucuyla bulu\u015ftu.<br \/>\n<br \/>Lise y\u0131llar\u0131nda okudu\u011fu \u015fiirlerden etkilenerek yazmaya ba\u015flayan emekli polis Zekeriya \u0130lhan, meslek hayat\u0131 boyunca ya\u015fad\u0131\u011f\u0131 ve tan\u0131k oldu\u011fu olaylar\u0131 m\u0131sralar\u0131na yans\u0131tt\u0131. Bu s\u00fcre\u00e7te yakla\u015f\u0131k 120 \u015fiir kaleme alan \u0130lhan, ilk \u015fiir kitab\u0131 &#8220;R\u00fcyadaki Vuslat&#8221;\u0131 2021 y\u0131l\u0131nda yay\u0131mlad\u0131. Emeklili\u011fin ard\u0131ndan edebiyata daha fazla yo\u011funla\u015fan \u0130lhan, ikinci kitab\u0131 &#8220;Aynadaki Yalan&#8221;da \u00e7ocukluk y\u0131llar\u0131nda yazd\u0131\u011f\u0131 \u015fiirlere de yer verdi. Kitapta do\u011fa, tasavvuf ve g\u00fcncel toplumsal sorunlar ele al\u0131nd\u0131. Zekeriya \u0130lhan, emeklilik sonras\u0131 yazma \u00e7al\u0131\u015fmalar\u0131n\u0131 s\u00fcrd\u00fcrd\u00fc\u011f\u00fcn\u00fc belirterek, &#8220;2023 y\u0131l\u0131 sonunda emekli oldum. 32 y\u0131l vatana hizmet ettik. \u015eimdi kelimelerle hizmet etmeye devam ediyorum. D\u00f6rt y\u0131l aradan sonra \u2018Aynadaki Yalan\u2019 okuyucuyla bulu\u015ftu. Yeni bir \u015fiir kitab\u0131 haz\u0131rl\u0131\u011f\u0131m var. Bunun yan\u0131nda hikaye yaz\u0131m\u0131 i\u00e7in de \u00e7al\u0131\u015f\u0131yorum&#8221; dedi.<br \/><\/p>\n","protected":false},"excerpt":{"rendered":"<p>Elaz\u0131\u011f\u2019\u0131n Maden il\u00e7esinde do\u011fan ve 32 y\u0131l polis memuru olarak g\u00f6rev yapt\u0131ktan sonra son g\u00f6rev yeri olan Mu\u011fla\u2019n\u0131n Bodrum il\u00e7esine yerle\u015fen Zekeriya \u0130lhan, edebiyat yolculu\u011funu ikinci \u015fiir kitab\u0131yla s\u00fcrd\u00fcr\u00fcyor. \u0130lhan\u2019\u0131n &#8220;Aynadaki Yalan&#8221; isimli \u015fiir kitab\u0131, ge\u00e7ti\u011fimiz aylarda bas\u0131larak okuyucuyla bulu\u015ftu. Lise y\u0131llar\u0131nda okudu\u011fu \u015fiirlerden etkilenerek yazmaya ba\u015flayan emekli polis Zekeriya \u0130lhan, meslek hayat\u0131 boyunca ya\u015fad\u0131\u011f\u0131&#8230;<\/p>\n","protected":false},"author":1,"featured_media":74045,"comment_status":"open","ping_status":"open","sticky":false,"template":"","format":"standard","meta":{"_crdt_document":"","footnotes":""},"categories":[1],"tags":[],"class_list":["post-74044","post","type-post","status-publish","format-standard","has-post-thumbnail","hentry","category-guncel"],"_links":{"self":[{"href":"https:\/\/www.egemtv.com\/index.php?rest_route=\/wp\/v2\/posts\/74044","targetHints":{"allow":["GET"]}}],"collection":[{"href":"https:\/\/www.egemtv.com\/index.php?rest_route=\/wp\/v2\/posts"}],"about":[{"href":"https:\/\/www.egemtv.com\/index.php?rest_route=\/wp\/v2\/types\/post"}],"author":[{"embeddable":true,"href":"https:\/\/www.egemtv.com\/index.php?rest_route=\/wp\/v2\/users\/1"}],"replies":[{"embeddable":true,"href":"https:\/\/www.egemtv.com\/index.php?rest_route=%2Fwp%2Fv2%2Fcomments&post=74044"}],"version-history":[{"count":1,"href":"https:\/\/www.egemtv.com\/index.php?rest_route=\/wp\/v2\/posts\/74044\/revisions"}],"predecessor-version":[{"id":74046,"href":"https:\/\/www.egemtv.com\/index.php?rest_route=\/wp\/v2\/posts\/74044\/revisions\/74046"}],"wp:featuredmedia":[{"embeddable":true,"href":"https:\/\/www.egemtv.com\/index.php?rest_route=\/wp\/v2\/media\/74045"}],"wp:attachment":[{"href":"https:\/\/www.egemtv.com\/index.php?rest_route=%2Fwp%2Fv2%2Fmedia&parent=74044"}],"wp:term":[{"taxonomy":"category","embeddable":true,"href":"https:\/\/www.egemtv.com\/index.php?rest_route=%2Fwp%2Fv2%2Fcategories&post=74044"},{"taxonomy":"post_tag","embeddable":true,"href":"https:\/\/www.egemtv.com\/index.php?rest_route=%2Fwp%2Fv2%2Ftags&post=74044"}],"curies":[{"name":"wp","href":"https:\/\/api.w.org\/{rel}","templated":true}]}}