{"id":74035,"date":"2025-12-13T17:54:50","date_gmt":"2025-12-13T14:54:50","guid":{"rendered":"https:\/\/www.egemtv.com\/?p=74035"},"modified":"2025-12-13T17:54:51","modified_gmt":"2025-12-13T14:54:51","slug":"hisarcikta-umre-kafilesi-dualarla-ugurlandi","status":"publish","type":"post","link":"https:\/\/www.egemtv.com\/?p=74035","title":{"rendered":"Hisarc\u0131k\u2019ta umre kafilesi dualarla u\u011furland\u0131"},"content":{"rendered":"<p>K\u00fctahya\u2019n\u0131n Hisarc\u0131k il\u00e7esinde, bir \u015firket organizasyonu kapsam\u0131nda umreye gidecek olan 6 ki\u015filik kafile, dualar e\u015fli\u011finde kutsal topraklara u\u011furland\u0131.<br \/>\n<br \/>\u015eehitler Mahallesi Valide Sultan K\u0131z Yurdu \u00f6n\u00fcnde d\u00fczenlenen u\u011furlama t\u00f6reninde yap\u0131lan sohbet ve duan\u0131n ard\u0131ndan getirilen tekbir, salavat ve telbiyelerle umre yolcular\u0131 yak\u0131nlar\u0131yla vedala\u015ft\u0131. Duygusal anlar\u0131n ya\u015fand\u0131\u011f\u0131 program\u0131n ard\u0131ndan 6 ki\u015filik umre kafilesi kutsal topraklara u\u011furland\u0131.<br \/><\/p>\n","protected":false},"excerpt":{"rendered":"<p>K\u00fctahya\u2019n\u0131n Hisarc\u0131k il\u00e7esinde, bir \u015firket organizasyonu kapsam\u0131nda umreye gidecek olan 6 ki\u015filik kafile, dualar e\u015fli\u011finde kutsal topraklara u\u011furland\u0131. \u015eehitler Mahallesi Valide Sultan K\u0131z Yurdu \u00f6n\u00fcnde d\u00fczenlenen u\u011furlama t\u00f6reninde yap\u0131lan sohbet ve duan\u0131n ard\u0131ndan getirilen tekbir, salavat ve telbiyelerle umre yolcular\u0131 yak\u0131nlar\u0131yla vedala\u015ft\u0131. Duygusal anlar\u0131n ya\u015fand\u0131\u011f\u0131 program\u0131n ard\u0131ndan 6 ki\u015filik umre kafilesi kutsal topraklara u\u011furland\u0131.<\/p>\n","protected":false},"author":1,"featured_media":74036,"comment_status":"open","ping_status":"open","sticky":false,"template":"","format":"standard","meta":{"_crdt_document":"","footnotes":""},"categories":[123],"tags":[],"class_list":["post-74035","post","type-post","status-publish","format-standard","has-post-thumbnail","hentry","category-gundem"],"_links":{"self":[{"href":"https:\/\/www.egemtv.com\/index.php?rest_route=\/wp\/v2\/posts\/74035","targetHints":{"allow":["GET"]}}],"collection":[{"href":"https:\/\/www.egemtv.com\/index.php?rest_route=\/wp\/v2\/posts"}],"about":[{"href":"https:\/\/www.egemtv.com\/index.php?rest_route=\/wp\/v2\/types\/post"}],"author":[{"embeddable":true,"href":"https:\/\/www.egemtv.com\/index.php?rest_route=\/wp\/v2\/users\/1"}],"replies":[{"embeddable":true,"href":"https:\/\/www.egemtv.com\/index.php?rest_route=%2Fwp%2Fv2%2Fcomments&post=74035"}],"version-history":[{"count":1,"href":"https:\/\/www.egemtv.com\/index.php?rest_route=\/wp\/v2\/posts\/74035\/revisions"}],"predecessor-version":[{"id":74037,"href":"https:\/\/www.egemtv.com\/index.php?rest_route=\/wp\/v2\/posts\/74035\/revisions\/74037"}],"wp:featuredmedia":[{"embeddable":true,"href":"https:\/\/www.egemtv.com\/index.php?rest_route=\/wp\/v2\/media\/74036"}],"wp:attachment":[{"href":"https:\/\/www.egemtv.com\/index.php?rest_route=%2Fwp%2Fv2%2Fmedia&parent=74035"}],"wp:term":[{"taxonomy":"category","embeddable":true,"href":"https:\/\/www.egemtv.com\/index.php?rest_route=%2Fwp%2Fv2%2Fcategories&post=74035"},{"taxonomy":"post_tag","embeddable":true,"href":"https:\/\/www.egemtv.com\/index.php?rest_route=%2Fwp%2Fv2%2Ftags&post=74035"}],"curies":[{"name":"wp","href":"https:\/\/api.w.org\/{rel}","templated":true}]}}