{"id":74032,"date":"2025-12-13T17:54:49","date_gmt":"2025-12-13T14:54:49","guid":{"rendered":"https:\/\/www.egemtv.com\/?p=74032"},"modified":"2025-12-13T17:54:50","modified_gmt":"2025-12-13T14:54:50","slug":"mhp-kemalpasa-sehit-aileleri-ve-gazilerle-bulustu","status":"publish","type":"post","link":"https:\/\/www.egemtv.com\/?p=74032","title":{"rendered":"MHP Kemalpa\u015fa, \u015fehit aileleri ve gazilerle bulu\u015ftu"},"content":{"rendered":"<p>Milliyet\u00e7i Hareket Partisi (MHP) Kemalpa\u015fa \u0130l\u00e7e Ba\u015fkanl\u0131\u011f\u0131 taraf\u0131ndan geleneksel olarak d\u00fczenlenen kahvalt\u0131 program\u0131nda, \u015fehit aileleri ve gaziler bir araya geldi. Program, birlik ve beraberlik mesajlar\u0131n\u0131n \u00f6ne \u00e7\u0131kt\u0131\u011f\u0131 anlaml\u0131 bulu\u015fmaya sahne oldu.<br \/>\n<br \/>Yo\u011fun kat\u0131l\u0131mla ger\u00e7ekle\u015ftirilen programa; MHP \u0130zmir \u0130l Ba\u015fkan\u0131 Veysel \u015eahin, AK Parti Kemalpa\u015fa \u0130l\u00e7e Ba\u015fkan\u0131 Dr. Metin Ya\u015far, Kemalpa\u015fa Kaymakam\u0131 Musa Sar\u0131, Cumhuriyet Ba\u015fsavc\u0131s\u0131 Bahattin Bilen, Kemalpa\u015fa Emniyet M\u00fcd\u00fcr\u00fc Salih \u015een, Jandarma Komutan\u0131 Mehmet \u00d6nder Orto\u011flu, G\u00fcvenlik ve Ter\u00f6r Uzman\u0131 Emekli \u0130stihbarat Albay Co\u015fkun Ba\u015fbu\u011f, kurum amirleri ve sivil toplum kurulu\u015flar\u0131n\u0131n temsilcileri kat\u0131ld\u0131. Programda ayr\u0131ca Kemalpa\u015fa \u015eehit Aileleri ve Gaziler Yard\u0131mla\u015fma Derne\u011fi Ba\u015fkan\u0131 Tuncay K\u0131l\u0131\u00e7 da yer ald\u0131. MHP Genel Sekreter Yard\u0131mc\u0131s\u0131 ve \u0130zmir Milletvekili Tamer Osmana\u011fao\u011flu ise programa telekonferans yoluyla kat\u0131larak kat\u0131l\u0131mc\u0131lara hitap etti.<br \/>\n<br \/>Program\u0131n a\u00e7\u0131l\u0131\u015f konu\u015fmas\u0131n\u0131 MHP Kemalpa\u015fa \u0130l\u00e7e Ba\u015fkan\u0131 Mustafa G\u00f6z\u00fctok yapt\u0131. G\u00f6z\u00fctok \u015funlar\u0131 s\u00f6yledi:<br \/>\n<br \/>&#8220;Bizim i\u00e7in vatan; mukaddes de\u011ferlerimizin hepsinin bulu\u015ftu\u011fu, iman\u0131m\u0131z\u0131n ne\u015fv\u00fcnema buldu\u011fu, h\u00fcrriyet ve istiklalimizin sa\u011flam temeller \u00fczerine oturdu\u011fu, \u00e7ocuklar\u0131m\u0131z\u0131n h\u00fcr do\u011fup h\u00fcr ya\u015fad\u0131\u011f\u0131 kutlu topraklard\u0131r. Bu sebeple bilge liderimiz Say\u0131n Devlet Bah\u00e7eli, bilhassa milletimizin birlik ve beraberli\u011fi i\u00e7in son derece \u00f6nemli ad\u0131mlar atm\u0131\u015f, i\u00e7 cephemizin tahkimat\u0131 i\u00e7in son derece dikkat \u00e7ekici \u00f6nlemler alm\u0131\u015ft\u0131r. \u2019Ter\u00f6rs\u00fcz T\u00fcrkiye\u2019, bu \u00f6nlemlerin; yani \u00fclkemizi bir ve b\u00fct\u00fcn tutma gayretinin en \u00f6nemli giri\u015fimlerinden biridir. Hi\u00e7 kimse bunun alt\u0131nda bir \u015fey arayamaz. Liderimizin halis niyetli ve kararl\u0131 tavr\u0131 kar\u015f\u0131s\u0131nda kimse iftira atamaz, haddini a\u015famaz. Varl\u0131\u011f\u0131n\u0131 T\u00fcrk varl\u0131\u011f\u0131na hediye eden, akl\u0131 her zaman T\u00fcrkiye olan liderimizin \u2019Ter\u00f6rs\u00fcz T\u00fcrkiye\u2019 konusundaki tavr\u0131 nettir, ilkeleri bellidir, teminat\u0131 a\u00e7\u0131kt\u0131r. Pazarl\u0131k yoktur. Al-ver s\u00fcreci yoktur. Ve hi\u00e7 kimse \u015fehit ve gazilerimizin aziz hat\u0131ralar\u0131n\u0131 incitemeyecektir. Bu, Devlet Bah\u00e7eli s\u00f6z\u00fcd\u00fcr. Bu, Devlet Bah\u00e7eli imzas\u0131d\u0131r.&#8221;<\/p>\n<p>Tuncay K\u0131l\u0131\u00e7: &#8220;Tek millet, tek bayrak, tek vatan&#8221;<br \/>\n<br \/>Kemalpa\u015fa \u015eehit Aileleri ve Gaziler Yard\u0131mla\u015fma Derne\u011fi Ba\u015fkan\u0131 Tuncay K\u0131l\u0131\u00e7 ise, &#8220;Bizler, yedi d\u00fcvele kar\u015f\u0131 as\u0131rlard\u0131r s\u00fcren varolu\u015f m\u00fccadelemizde \u2018tek millet, tek bayrak, tek vatan\u2019 \u015fuurunu can\u0131yla ve kan\u0131yla per\u00e7inlemi\u015f bu aziz milletin en onurlu temsilcileriyiz. Vatan dedi\u011fimiz bu topraklar yaln\u0131zca co\u011frafi bir s\u0131n\u0131r de\u011fil; \u015fehitlerimizin al kan\u0131yla sulanm\u0131\u015f, her kar\u0131\u015f\u0131nda iman ve a\u015fk dolu mukaddes bir emanettir. Millet dedi\u011fimiz bu b\u00fcy\u00fck aile ise tarihin en \u00e7etin s\u0131navlar\u0131nda bile sars\u0131lmayan, birlik ve beraberlik ruhuyla ayakta duran ebed\u00ee bir \u00e7\u0131nard\u0131r&#8221; dedi.<\/p>\n<p>Veysel \u015eahin: &#8220;Hi\u00e7 kimse \u015fehitlerimiz \u00fczerinden istismar parantezi a\u00e7maya kalk\u0131\u015fmas\u0131n&#8221;<br \/>\n<br \/>MHP \u0130zmir \u0130l Ba\u015fkan\u0131 Veysel \u015eahin ise konu\u015fmas\u0131nda, &#8220;Hi\u00e7 kimse \u015fehitlerimiz \u00fczerinden istismar parantezi a\u00e7maya kalk\u0131\u015fmas\u0131n. Ge\u00e7ti\u011fimiz y\u0131l 7 Ekim\u2019de Genel Ba\u015fkan\u0131m\u0131z Say\u0131n Devlet Bah\u00e7eli, \u2018M\u00fczakere yok, oyun kurmak yok, s\u00fcre\u00e7 yok; ya silahlar g\u00f6m\u00fclecek ya da silahlar\u0131yla birlikte g\u00f6m\u00fclecekler\u2019 diyerek Ter\u00f6rs\u00fcz T\u00fcrkiye s\u00fcrecini cesaretle ve kararl\u0131l\u0131kla ba\u015flatm\u0131\u015ft\u0131r&#8221; a\u00e7\u0131klamas\u0131na yer verdi.<\/p>\n<p>Tamer Osmana\u011fao\u011flu: &#8220;Y\u0131lmayaca\u011f\u0131z, y\u0131k\u0131lmayaca\u011f\u0131z, mutlaka ba\u015faraca\u011f\u0131z&#8221;<br \/>\n<br \/>MHP Genel Sekreter Yard\u0131mc\u0131s\u0131 ve \u0130zmir Milletvekili Tamer Osmana\u011fao\u011flu, kat\u0131l\u0131mc\u0131lara telekonferans yoluyla hitap ederek \u015fehitlik makam\u0131 ve ter\u00f6rle m\u00fccadele konular\u0131nda de\u011ferlendirmelerde bulundu. Osmana\u011fao\u011flu \u015fu a\u00e7\u0131klamalara yer verdi: &#8220;\u015e\u00fcphesiz \u015fehitlik, M\u00fcsl\u00fcman T\u00fcrk milleti i\u00e7in en y\u00fcce makam, ula\u015f\u0131lacak en y\u00fcksek mertebedir. Kald\u0131 ki \u015fehitlerimizin peygamberlere kom\u015fu mesabesinde oldu\u011fu da \u015f\u00fcphe g\u00f6t\u00fcrmez bir ger\u00e7ektir. Her \u015fehidimizin, her gazimizin; samimi bir inan\u00e7la, adanm\u0131\u015f bir hayatla ve nihayetinde an\u0131tla\u015fm\u0131\u015f m\u00fccadeleleriyle kalbimizde m\u00fcstesna bir yere sahip oldu\u011fu bir ger\u00e7ektir. Bilinmelidir ki onlar bizim ilham\u0131m\u0131z, iftihar\u0131m\u0131z, itibar\u0131m\u0131z ve istikbalimizdir. Kald\u0131 ki \u015fehitlerimiz; istiklal irademizin tescili, h\u00fcrriyet me\u015falemizin s\u00f6nmeyen ate\u015fidir. Bug\u00fcne kadar ne \u015fehitlerimizin muazzez ruhunu s\u0131zlatacak ne de onlar\u0131n emaneti olan ailelerimizi kayg\u0131land\u0131racak hi\u00e7bir olu\u015fumun i\u00e7inde olmad\u0131k. En ufak bir teredd\u00fcd\u00fcn has\u0131l olaca\u011f\u0131 bir s\u00fcrecin par\u00e7as\u0131 olmad\u0131k. Biz; yolumuz hep al\u00e7aklar\u0131n i\u00e7inden ge\u00e7ecek olsa da ba\u011f\u0131ms\u0131z kalmak i\u00e7in yi\u011fit\u00e7e vuru\u015fmay\u0131 tercih eden Devlet Bah\u00e7eli\u2019nin yol arkada\u015flar\u0131y\u0131z. Ter\u00f6rs\u00fcz T\u00fcrkiye mefk\u00fbremiz konusunda bug\u00fcn vehim i\u00e7inde olanlara, ak\u0131llar\u0131nca bizimle istihza etmeye kalkanlara verilecek tek bir cevab\u0131m\u0131z vard\u0131r: Bir hilal u\u011fruna \u015fehit d\u00fc\u015fen, ya\u015fatmak i\u00e7in ya\u015famlar\u0131ndan vazge\u00e7en vatan evlatlar\u0131n\u0131n \u00fclk\u00fclerine halel getirirsek kan\u0131m\u0131z kurusun. Ter\u00f6rs\u00fcz T\u00fcrkiye s\u00fcrecinin derdi bu\u011fday de\u011fil, tarlan\u0131n ta kendisidir. Hedefimiz d\u00f6nemsel de\u011fil, ulv\u00ee bir hedeftir. Tavize ve teslimiyete asla boyun e\u011fmeyece\u011fiz. Kimseyle bir al-ver s\u00fcrecinde de\u011filiz, pazarl\u0131k i\u00e7inde de\u011filiz. D\u00fcn ne dediysek bug\u00fcn de ayn\u0131s\u0131n\u0131 s\u00f6yl\u00fcyoruz: Ya silahlar g\u00f6m\u00fclecek ya da silah\u0131 tutanlar g\u00f6m\u00fclecektir. Liderimiz Say\u0131n Devlet Bah\u00e7eli\u2019nin ifade etti\u011fi gibi: \u2018Y\u0131lmayaca\u011f\u0131z, y\u0131k\u0131lmayaca\u011f\u0131z, mutlaka ba\u015faraca\u011f\u0131z.&#8221;<br \/><\/p>\n","protected":false},"excerpt":{"rendered":"<p>Milliyet\u00e7i Hareket Partisi (MHP) Kemalpa\u015fa \u0130l\u00e7e Ba\u015fkanl\u0131\u011f\u0131 taraf\u0131ndan geleneksel olarak d\u00fczenlenen kahvalt\u0131 program\u0131nda, \u015fehit aileleri ve gaziler bir araya geldi. Program, birlik ve beraberlik mesajlar\u0131n\u0131n \u00f6ne \u00e7\u0131kt\u0131\u011f\u0131 anlaml\u0131 bulu\u015fmaya sahne oldu. Yo\u011fun kat\u0131l\u0131mla ger\u00e7ekle\u015ftirilen programa; MHP \u0130zmir \u0130l Ba\u015fkan\u0131 Veysel \u015eahin, AK Parti Kemalpa\u015fa \u0130l\u00e7e Ba\u015fkan\u0131 Dr. Metin Ya\u015far, Kemalpa\u015fa Kaymakam\u0131 Musa Sar\u0131, Cumhuriyet Ba\u015fsavc\u0131s\u0131&#8230;<\/p>\n","protected":false},"author":1,"featured_media":74033,"comment_status":"open","ping_status":"open","sticky":false,"template":"","format":"standard","meta":{"_crdt_document":"","footnotes":""},"categories":[127],"tags":[],"class_list":["post-74032","post","type-post","status-publish","format-standard","has-post-thumbnail","hentry","category-siyaset"],"_links":{"self":[{"href":"https:\/\/www.egemtv.com\/index.php?rest_route=\/wp\/v2\/posts\/74032","targetHints":{"allow":["GET"]}}],"collection":[{"href":"https:\/\/www.egemtv.com\/index.php?rest_route=\/wp\/v2\/posts"}],"about":[{"href":"https:\/\/www.egemtv.com\/index.php?rest_route=\/wp\/v2\/types\/post"}],"author":[{"embeddable":true,"href":"https:\/\/www.egemtv.com\/index.php?rest_route=\/wp\/v2\/users\/1"}],"replies":[{"embeddable":true,"href":"https:\/\/www.egemtv.com\/index.php?rest_route=%2Fwp%2Fv2%2Fcomments&post=74032"}],"version-history":[{"count":1,"href":"https:\/\/www.egemtv.com\/index.php?rest_route=\/wp\/v2\/posts\/74032\/revisions"}],"predecessor-version":[{"id":74034,"href":"https:\/\/www.egemtv.com\/index.php?rest_route=\/wp\/v2\/posts\/74032\/revisions\/74034"}],"wp:featuredmedia":[{"embeddable":true,"href":"https:\/\/www.egemtv.com\/index.php?rest_route=\/wp\/v2\/media\/74033"}],"wp:attachment":[{"href":"https:\/\/www.egemtv.com\/index.php?rest_route=%2Fwp%2Fv2%2Fmedia&parent=74032"}],"wp:term":[{"taxonomy":"category","embeddable":true,"href":"https:\/\/www.egemtv.com\/index.php?rest_route=%2Fwp%2Fv2%2Fcategories&post=74032"},{"taxonomy":"post_tag","embeddable":true,"href":"https:\/\/www.egemtv.com\/index.php?rest_route=%2Fwp%2Fv2%2Ftags&post=74032"}],"curies":[{"name":"wp","href":"https:\/\/api.w.org\/{rel}","templated":true}]}}