{"id":74029,"date":"2025-12-13T17:34:53","date_gmt":"2025-12-13T14:34:53","guid":{"rendered":"https:\/\/www.egemtv.com\/?p=74029"},"modified":"2025-12-13T17:34:54","modified_gmt":"2025-12-13T14:34:54","slug":"izmirde-kamp-sandalyeli-battaniyeli-indirim-nobeti-carsi-ortasinda-sabahladilar","status":"publish","type":"post","link":"https:\/\/www.egemtv.com\/?p=74029","title":{"rendered":"\u0130zmir\u2019de kamp sandalyeli, battaniyeli indirim n\u00f6beti: \u00c7ar\u015f\u0131 ortas\u0131nda sabahlad\u0131lar"},"content":{"rendered":"<p>\u0130zmir Alsancak\u2019ta bir kozmetik ma\u011fazas\u0131n\u0131n indirim kampanyas\u0131, gece saatlerinden itibaren uzun kuyruklara neden oldu. So\u011fuk havaya ra\u011fmen battaniyeler ve kamp sandalyeleriyle sabaha kadar bekleyen vatanda\u015flar, g\u00f6renleri \u015fa\u015fk\u0131na \u00e7evirdi.<br \/>\n<br \/>\u0130zmir\u2019in Konak il\u00e7esinde bulunan Alsancak K\u0131br\u0131s \u015eehitleri Caddesi\u2019nde bir kozmetik ma\u011fazas\u0131n\u0131n indirim kampanyas\u0131 nedeniyle gece saatlerinden itibaren uzun kuyruklar olu\u015ftu. So\u011fuk havaya ald\u0131r\u0131\u015f etmeyen vatanda\u015flar, sabah a\u00e7\u0131lacak ma\u011faza i\u00e7in battaniyelerle ve kamp sandalyeleriyle s\u0131raya girdi.<br \/>\n<br \/>Gece ge\u00e7 saatlerde ba\u015flayan indirim kuyru\u011funda baz\u0131 vatanda\u015flar\u0131n \u00e7ar\u015f\u0131 ortas\u0131nda kamp sandalyelerine oturarak sabahlad\u0131\u011f\u0131 g\u00f6r\u00fcld\u00fc. Ma\u011fazan\u0131n \u00f6n\u00fcnde olu\u015fan ilgin\u00e7 g\u00f6r\u00fcnt\u00fcler cep telefonu kameralar\u0131 ve \u00e7evredeki g\u00fcvenlik kameralar\u0131 taraf\u0131ndan kaydedildi. O anlar\u0131 g\u00f6ren vatanda\u015flar ise \u015fa\u015fk\u0131nl\u0131klar\u0131n\u0131 gizleyemedi.<br \/>\n<br \/>Sabah saatlerinde ma\u011fazan\u0131n a\u00e7\u0131lmas\u0131yla birlikte kalabal\u0131k daha da artarken, ma\u011faza \u00f6n\u00fcnde uzun kuyruklar olu\u015ftu. \u0130ndirimden faydalanmak isteyen vatanda\u015flar yo\u011funluk olu\u015fturdu.<br \/><\/p>\n","protected":false},"excerpt":{"rendered":"<p>\u0130zmir Alsancak\u2019ta bir kozmetik ma\u011fazas\u0131n\u0131n indirim kampanyas\u0131, gece saatlerinden itibaren uzun kuyruklara neden oldu. So\u011fuk havaya ra\u011fmen battaniyeler ve kamp sandalyeleriyle sabaha kadar bekleyen vatanda\u015flar, g\u00f6renleri \u015fa\u015fk\u0131na \u00e7evirdi. \u0130zmir\u2019in Konak il\u00e7esinde bulunan Alsancak K\u0131br\u0131s \u015eehitleri Caddesi\u2019nde bir kozmetik ma\u011fazas\u0131n\u0131n indirim kampanyas\u0131 nedeniyle gece saatlerinden itibaren uzun kuyruklar olu\u015ftu. So\u011fuk havaya ald\u0131r\u0131\u015f etmeyen vatanda\u015flar, sabah a\u00e7\u0131lacak&#8230;<\/p>\n","protected":false},"author":1,"featured_media":74030,"comment_status":"open","ping_status":"open","sticky":false,"template":"","format":"standard","meta":{"_crdt_document":"","footnotes":""},"categories":[1],"tags":[],"class_list":["post-74029","post","type-post","status-publish","format-standard","has-post-thumbnail","hentry","category-guncel"],"_links":{"self":[{"href":"https:\/\/www.egemtv.com\/index.php?rest_route=\/wp\/v2\/posts\/74029","targetHints":{"allow":["GET"]}}],"collection":[{"href":"https:\/\/www.egemtv.com\/index.php?rest_route=\/wp\/v2\/posts"}],"about":[{"href":"https:\/\/www.egemtv.com\/index.php?rest_route=\/wp\/v2\/types\/post"}],"author":[{"embeddable":true,"href":"https:\/\/www.egemtv.com\/index.php?rest_route=\/wp\/v2\/users\/1"}],"replies":[{"embeddable":true,"href":"https:\/\/www.egemtv.com\/index.php?rest_route=%2Fwp%2Fv2%2Fcomments&post=74029"}],"version-history":[{"count":1,"href":"https:\/\/www.egemtv.com\/index.php?rest_route=\/wp\/v2\/posts\/74029\/revisions"}],"predecessor-version":[{"id":74031,"href":"https:\/\/www.egemtv.com\/index.php?rest_route=\/wp\/v2\/posts\/74029\/revisions\/74031"}],"wp:featuredmedia":[{"embeddable":true,"href":"https:\/\/www.egemtv.com\/index.php?rest_route=\/wp\/v2\/media\/74030"}],"wp:attachment":[{"href":"https:\/\/www.egemtv.com\/index.php?rest_route=%2Fwp%2Fv2%2Fmedia&parent=74029"}],"wp:term":[{"taxonomy":"category","embeddable":true,"href":"https:\/\/www.egemtv.com\/index.php?rest_route=%2Fwp%2Fv2%2Fcategories&post=74029"},{"taxonomy":"post_tag","embeddable":true,"href":"https:\/\/www.egemtv.com\/index.php?rest_route=%2Fwp%2Fv2%2Ftags&post=74029"}],"curies":[{"name":"wp","href":"https:\/\/api.w.org\/{rel}","templated":true}]}}