{"id":74023,"date":"2025-12-13T17:34:52","date_gmt":"2025-12-13T14:34:52","guid":{"rendered":"https:\/\/www.egemtv.com\/?p=74023"},"modified":"2025-12-13T17:34:52","modified_gmt":"2025-12-13T14:34:52","slug":"salihli-kaymakami-guldogan-saripinarda-sorunlari-dinledi","status":"publish","type":"post","link":"https:\/\/www.egemtv.com\/?p=74023","title":{"rendered":"Salihli Kaymakam\u0131 G\u00fcldo\u011fan Sar\u0131p\u0131nar\u2019da sorunlar\u0131 dinledi"},"content":{"rendered":"<p>Manisa\u2019n\u0131n Salihli il\u00e7e Kaymakam\u0131 Ali G\u00fcldo\u011fan, vatanda\u015flarla bulu\u015fma program\u0131 kapsam\u0131nda Sar\u0131p\u0131nar Mahallesi\u2019ni ziyaret etti.<br \/>\n<br \/>Mahalle ziyareti s\u0131ras\u0131nda Sar\u0131p\u0131nar mahalle muhtar\u0131ndan mahalle hakk\u0131nda bilgi alan Kaymakam G\u00fcldo\u011fan, mahalle sakinleriyle bir araya gelerek talep ve sorunlar\u0131n\u0131 dinledi. Vatanda\u015flarla sohbet eden G\u00fcldo\u011fan, iletilen konular\u0131n \u00e7\u00f6z\u00fcm\u00fc i\u00e7in ilgili kurumlarla gerekli \u00e7al\u0131\u015fmalar\u0131n yap\u0131laca\u011f\u0131n\u0131 ifade etti.<br \/>\n<br \/>Ziyarette haz\u0131r bulunan kurum amirleriyle birlikte de\u011ferlendirmelerde bulunan Kaymakam Ali G\u00fcldo\u011fan, mahallede tespit edilen sorunlar\u0131n takip\u00e7isi olunaca\u011f\u0131n\u0131 ve vatanda\u015flar\u0131n taleplerinin imkanlar dahilinde kar\u015f\u0131lanaca\u011f\u0131n\u0131 belirtti.<br \/><\/p>\n","protected":false},"excerpt":{"rendered":"<p>Manisa\u2019n\u0131n Salihli il\u00e7e Kaymakam\u0131 Ali G\u00fcldo\u011fan, vatanda\u015flarla bulu\u015fma program\u0131 kapsam\u0131nda Sar\u0131p\u0131nar Mahallesi\u2019ni ziyaret etti. Mahalle ziyareti s\u0131ras\u0131nda Sar\u0131p\u0131nar mahalle muhtar\u0131ndan mahalle hakk\u0131nda bilgi alan Kaymakam G\u00fcldo\u011fan, mahalle sakinleriyle bir araya gelerek talep ve sorunlar\u0131n\u0131 dinledi. Vatanda\u015flarla sohbet eden G\u00fcldo\u011fan, iletilen konular\u0131n \u00e7\u00f6z\u00fcm\u00fc i\u00e7in ilgili kurumlarla gerekli \u00e7al\u0131\u015fmalar\u0131n yap\u0131laca\u011f\u0131n\u0131 ifade etti. Ziyarette haz\u0131r bulunan kurum amirleriyle&#8230;<\/p>\n","protected":false},"author":1,"featured_media":74024,"comment_status":"open","ping_status":"open","sticky":false,"template":"","format":"standard","meta":{"_crdt_document":"","footnotes":""},"categories":[127],"tags":[],"class_list":["post-74023","post","type-post","status-publish","format-standard","has-post-thumbnail","hentry","category-siyaset"],"_links":{"self":[{"href":"https:\/\/www.egemtv.com\/index.php?rest_route=\/wp\/v2\/posts\/74023","targetHints":{"allow":["GET"]}}],"collection":[{"href":"https:\/\/www.egemtv.com\/index.php?rest_route=\/wp\/v2\/posts"}],"about":[{"href":"https:\/\/www.egemtv.com\/index.php?rest_route=\/wp\/v2\/types\/post"}],"author":[{"embeddable":true,"href":"https:\/\/www.egemtv.com\/index.php?rest_route=\/wp\/v2\/users\/1"}],"replies":[{"embeddable":true,"href":"https:\/\/www.egemtv.com\/index.php?rest_route=%2Fwp%2Fv2%2Fcomments&post=74023"}],"version-history":[{"count":1,"href":"https:\/\/www.egemtv.com\/index.php?rest_route=\/wp\/v2\/posts\/74023\/revisions"}],"predecessor-version":[{"id":74025,"href":"https:\/\/www.egemtv.com\/index.php?rest_route=\/wp\/v2\/posts\/74023\/revisions\/74025"}],"wp:featuredmedia":[{"embeddable":true,"href":"https:\/\/www.egemtv.com\/index.php?rest_route=\/wp\/v2\/media\/74024"}],"wp:attachment":[{"href":"https:\/\/www.egemtv.com\/index.php?rest_route=%2Fwp%2Fv2%2Fmedia&parent=74023"}],"wp:term":[{"taxonomy":"category","embeddable":true,"href":"https:\/\/www.egemtv.com\/index.php?rest_route=%2Fwp%2Fv2%2Fcategories&post=74023"},{"taxonomy":"post_tag","embeddable":true,"href":"https:\/\/www.egemtv.com\/index.php?rest_route=%2Fwp%2Fv2%2Ftags&post=74023"}],"curies":[{"name":"wp","href":"https:\/\/api.w.org\/{rel}","templated":true}]}}