{"id":74020,"date":"2025-12-13T17:14:52","date_gmt":"2025-12-13T14:14:52","guid":{"rendered":"https:\/\/www.egemtv.com\/?p=74020"},"modified":"2025-12-13T17:14:54","modified_gmt":"2025-12-13T14:14:54","slug":"yeni-dogan-bebek-adina-yapilan-beyaz-baston-bagisi-yurekleri-isitti","status":"publish","type":"post","link":"https:\/\/www.egemtv.com\/?p=74020","title":{"rendered":"Yeni do\u011fan bebek ad\u0131na yap\u0131lan \u2019Beyaz Baston\u2019 ba\u011f\u0131\u015f\u0131 y\u00fcrekleri \u0131s\u0131tt\u0131"},"content":{"rendered":"<p>Alt\u0131nokta K\u00f6rler Derne\u011fi Ayd\u0131n \u015eube Ba\u015fkan\u0131 Bayram \u00d6zen, derne\u011fe y\u0131llard\u0131r destek veren g\u00f6n\u00fcll\u00fcn\u00fcn, yeni do\u011fan k\u0131z\u0131 ad\u0131na yapt\u0131\u011f\u0131 5 adet beyaz baston ba\u011f\u0131\u015f\u0131n\u0131n dayan\u0131\u015fma ve iyili\u011fin en g\u00fczel \u00f6rneklerinden biri oldu\u011funu s\u00f6yledi.<br \/>\n<br \/>Alt\u0131nokta K\u00f6rler Derne\u011fi Ayd\u0131n \u015eube Ba\u015fkan\u0131 Bayram \u00d6zen, derne\u011fe y\u0131llard\u0131r d\u00fczenli olarak beyaz baston ba\u011f\u0131\u015f\u0131nda bulunan g\u00f6n\u00fcll\u00fcn\u00fcn, bu kez yeni do\u011fan k\u0131z\u0131 ad\u0131na yapt\u0131\u011f\u0131 anlaml\u0131 ba\u011f\u0131\u015f\u0131 kamuoyuyla payla\u015ft\u0131. Derne\u011fe olan deste\u011fini aral\u0131ks\u0131z s\u00fcrd\u00fcren g\u00f6n\u00fcll\u00fc, d\u00fcnyaya gelen k\u0131z\u0131 ad\u0131na 5 adet beyaz baston ba\u011f\u0131\u015f\u0131nda bulunarak \u00f6rnek bir dayan\u0131\u015fma davran\u0131\u015f\u0131na imza atarken bir yandan da k\u0131z\u0131na hayat\u0131n\u0131n ilk g\u00fcnlerinde anlaml\u0131 bir miras b\u0131rakt\u0131.<br \/>\n<br \/>Alt\u0131nokta K\u00f6rler Derne\u011fi Ayd\u0131n \u015eube Ba\u015fkan\u0131 Bayram \u00d6zen, yap\u0131lan ba\u011f\u0131\u015f\u0131n yaln\u0131zca bir destek de\u011fil, ayn\u0131 zamanda umut ve \u00f6zg\u00fcrl\u00fc\u011fe a\u00e7\u0131lan bir kap\u0131 oldu\u011funa dikkat \u00e7ekerek, &#8220;Y\u0131llard\u0131r derne\u011fimize d\u00fczenli \u015fekilde beyaz baston ba\u011f\u0131\u015f\u0131nda bulunarak deste\u011fini hi\u00e7 eksik etmeyen de\u011ferli g\u00f6n\u00fcll\u00fcm\u00fcze en i\u00e7ten te\u015fekk\u00fcrlerimizi sunuyoruz. Bu anlaml\u0131 destek, bug\u00fcn \u00e7ok daha \u00f6zel bir hale geldi. K\u0131ymetli g\u00f6n\u00fcll\u00fcm\u00fcz, yeni do\u011fan k\u0131z\u0131 ad\u0131na 5 adet beyaz baston ba\u011f\u0131\u015f\u0131nda bulunarak hem bir iyilik gelene\u011fi ba\u015flatm\u0131\u015f hem de k\u0131z\u0131na d\u00fcnyaya geli\u015finin ilk g\u00fcnlerinde \u00f6rnek bir miras b\u0131rakm\u0131\u015ft\u0131r. Bu duyarl\u0131 davran\u0131\u015f, dayan\u0131\u015fman\u0131n, iyili\u011fin ve payla\u015fman\u0131n en g\u00fczel \u00f6rneklerinden biridir. Her bir beyaz baston, karanl\u0131\u011f\u0131 a\u015fan bir \u0131\u015f\u0131k; bir bireyin \u00f6zg\u00fcrce hareket edebilmesine a\u00e7\u0131lan bir kap\u0131d\u0131r. Derne\u011fimiz ve t\u00fcm \u00fcyelerimiz ad\u0131na bu anlaml\u0131 ba\u011f\u0131\u015f i\u00e7in minnettar\u0131z. Yeni do\u011fan yavrumuza sa\u011fl\u0131kl\u0131, huzurlu ve iyilikle dolu bir \u00f6m\u00fcr diliyoruz&#8221; dedi.<br \/><\/p>\n","protected":false},"excerpt":{"rendered":"<p>Alt\u0131nokta K\u00f6rler Derne\u011fi Ayd\u0131n \u015eube Ba\u015fkan\u0131 Bayram \u00d6zen, derne\u011fe y\u0131llard\u0131r destek veren g\u00f6n\u00fcll\u00fcn\u00fcn, yeni do\u011fan k\u0131z\u0131 ad\u0131na yapt\u0131\u011f\u0131 5 adet beyaz baston ba\u011f\u0131\u015f\u0131n\u0131n dayan\u0131\u015fma ve iyili\u011fin en g\u00fczel \u00f6rneklerinden biri oldu\u011funu s\u00f6yledi. Alt\u0131nokta K\u00f6rler Derne\u011fi Ayd\u0131n \u015eube Ba\u015fkan\u0131 Bayram \u00d6zen, derne\u011fe y\u0131llard\u0131r d\u00fczenli olarak beyaz baston ba\u011f\u0131\u015f\u0131nda bulunan g\u00f6n\u00fcll\u00fcn\u00fcn, bu kez yeni do\u011fan k\u0131z\u0131 ad\u0131na&#8230;<\/p>\n","protected":false},"author":1,"featured_media":74021,"comment_status":"open","ping_status":"open","sticky":false,"template":"","format":"standard","meta":{"_crdt_document":"","footnotes":""},"categories":[1],"tags":[],"class_list":["post-74020","post","type-post","status-publish","format-standard","has-post-thumbnail","hentry","category-guncel"],"_links":{"self":[{"href":"https:\/\/www.egemtv.com\/index.php?rest_route=\/wp\/v2\/posts\/74020","targetHints":{"allow":["GET"]}}],"collection":[{"href":"https:\/\/www.egemtv.com\/index.php?rest_route=\/wp\/v2\/posts"}],"about":[{"href":"https:\/\/www.egemtv.com\/index.php?rest_route=\/wp\/v2\/types\/post"}],"author":[{"embeddable":true,"href":"https:\/\/www.egemtv.com\/index.php?rest_route=\/wp\/v2\/users\/1"}],"replies":[{"embeddable":true,"href":"https:\/\/www.egemtv.com\/index.php?rest_route=%2Fwp%2Fv2%2Fcomments&post=74020"}],"version-history":[{"count":1,"href":"https:\/\/www.egemtv.com\/index.php?rest_route=\/wp\/v2\/posts\/74020\/revisions"}],"predecessor-version":[{"id":74022,"href":"https:\/\/www.egemtv.com\/index.php?rest_route=\/wp\/v2\/posts\/74020\/revisions\/74022"}],"wp:featuredmedia":[{"embeddable":true,"href":"https:\/\/www.egemtv.com\/index.php?rest_route=\/wp\/v2\/media\/74021"}],"wp:attachment":[{"href":"https:\/\/www.egemtv.com\/index.php?rest_route=%2Fwp%2Fv2%2Fmedia&parent=74020"}],"wp:term":[{"taxonomy":"category","embeddable":true,"href":"https:\/\/www.egemtv.com\/index.php?rest_route=%2Fwp%2Fv2%2Fcategories&post=74020"},{"taxonomy":"post_tag","embeddable":true,"href":"https:\/\/www.egemtv.com\/index.php?rest_route=%2Fwp%2Fv2%2Ftags&post=74020"}],"curies":[{"name":"wp","href":"https:\/\/api.w.org\/{rel}","templated":true}]}}