{"id":74011,"date":"2025-12-13T16:34:34","date_gmt":"2025-12-13T13:34:34","guid":{"rendered":"https:\/\/www.egemtv.com\/?p=74011"},"modified":"2025-12-13T16:34:34","modified_gmt":"2025-12-13T13:34:34","slug":"bozdoganda-balik-tezgahlarinin-en-cok-tercih-edilen-cesidi-hamsi-oldu","status":"publish","type":"post","link":"https:\/\/www.egemtv.com\/?p=74011","title":{"rendered":"Bozdo\u011fan\u2019da bal\u0131k tezgahlar\u0131n\u0131n en \u00e7ok tercih edilen \u00e7e\u015fidi hamsi oldu"},"content":{"rendered":"<p>Ayd\u0131n\u2019\u0131n Bozdo\u011fan il\u00e7esinde bal\u0131k\u00e7\u0131l\u0131k yapan Mehmet Bekem, tezgahlar\u0131nda hamsi ba\u015fta olmak \u00fczere istavrit ve sardalyan\u0131n ilgi g\u00f6rd\u00fc\u011f\u00fcn\u00fc belirterek tezgahlarda h\u0131zl\u0131ca t\u00fckendi\u011fini belirtti.<\/p>\n<p>So\u011fuyan hava \u015fartlar\u0131yla birlikte bal\u0131k t\u00fcketimine olan ilgi her ge\u00e7en g\u00fcn art\u0131yor. K\u0131\u015f aylar\u0131nda bal\u0131k \u00e7e\u015fitlili\u011finin \u00e7o\u011falmas\u0131, vatanda\u015flar\u0131n sofralar\u0131nda daha fazla bal\u0131\u011fa yer a\u00e7mas\u0131na katk\u0131 sa\u011fl\u0131yor. Bozdo\u011fan il\u00e7esinde bal\u0131k\u00e7\u0131l\u0131k yapan Mehmet Bekem de bal\u0131\u011f\u0131n yaln\u0131zca sofralar\u0131 \u015fenlendiren bir \u00fcr\u00fcn olmad\u0131\u011f\u0131n\u0131 ayn\u0131 zamanda g\u00fc\u00e7l\u00fc bir \u015fifa kayna\u011f\u0131 oldu\u011funu dile getirerek il\u00e7edeki her ailenin sofras\u0131na bal\u0131\u011f\u0131n girebilmesi i\u00e7in \u00e7al\u0131\u015ft\u0131klar\u0131n\u0131 ifade etti.<\/p>\n<p>T\u00fcr\u00fcne g\u00f6re lezzet ve besin de\u011feri de\u011fi\u015fen bal\u0131\u011f\u0131n d\u00fczenli t\u00fcketildi\u011finde ise v\u00fccuda pek \u00e7ok katk\u0131 sundu\u011funu ifade eden Bekem, haftada iki kez bal\u0131k t\u00fcketenlerin hem daha enerjik hissetti\u011fini hem de kronik hastal\u0131klara kar\u015f\u0131 daha diren\u00e7li oldu\u011funu belirtti.<\/p>\n<p>Bal\u0131k sat\u0131\u015flar\u0131n bu y\u0131l bereketli ge\u00e7ti\u011fini ifade eden Bekem, Cuma g\u00fcnleri pazar alan\u0131n\u0131n k\u00fc\u00e7\u00fck olmas\u0131 nedeniyle \u00e7e\u015fitlerin s\u0131n\u0131rl\u0131 kald\u0131\u011f\u0131n\u0131, Sal\u0131 g\u00fcnleri ise b\u00fcy\u00fck bal\u0131klar\u0131n da tezgahlarda yerini ald\u0131\u011f\u0131n\u0131 aktard\u0131. Bekem en fazla tercih edilen bal\u0131k \u00e7e\u015fidinin hamsi oldu\u011funu belirterek, &#8220;En fazla tercih edilen ve sorulan bal\u0131k \u00e7e\u015fidimiz hamsi. Bunun yan\u0131nda istavrit, sardalya gibi bal\u0131klar fazla sat\u0131l\u0131yor. Bal\u0131klar\u0131n \u00e7e\u015fitlerine g\u00f6re lezzetleri farkl\u0131, insanlar\u0131n damak zevkleri de ayr\u0131 ayr\u0131. Bal\u0131klar taze olarak \u0130zmir halinden geliyor. M\u00fc\u015fterilerimiz kendi be\u011fendikleri bal\u0131klar\u0131 her zaman gelip taze taze al\u0131p gidiyorlar.  \u015e\u00fck\u00fcr sat\u0131\u015flar\u0131m\u0131z g\u00fczel. B\u00fcy\u00fck bal\u0131klar\u0131m\u0131z da bulunuyor. Sal\u0131 g\u00fcnleri \u00e7e\u015fitlerimiz \u00e7ok oluyor, ama Cuma g\u00fcnleri pazar\u0131m\u0131z \u00e7ok b\u00fcy\u00fck olmad\u0131\u011f\u0131 i\u00e7in bal\u0131\u011f\u0131m\u0131z da az ve belirli \u00e7e\u015fitler geliyor. Hamsi ve sardalyay\u0131 200 TL\u2019den sat\u0131\u015fa sunuyoruz. Kopez \u00e7e\u015fidimiz ise 100 TL. O bal\u0131\u011f\u0131 da kendimiz temizlemedi\u011fimiz i\u00e7in vatanda\u015flar\u0131ma uygun fiyattan sunuyoruz&#8221; ifadelerine yer verdi<br \/><\/p>\n","protected":false},"excerpt":{"rendered":"<p>Ayd\u0131n\u2019\u0131n Bozdo\u011fan il\u00e7esinde bal\u0131k\u00e7\u0131l\u0131k yapan Mehmet Bekem, tezgahlar\u0131nda hamsi ba\u015fta olmak \u00fczere istavrit ve sardalyan\u0131n ilgi g\u00f6rd\u00fc\u011f\u00fcn\u00fc belirterek tezgahlarda h\u0131zl\u0131ca t\u00fckendi\u011fini belirtti. So\u011fuyan hava \u015fartlar\u0131yla birlikte bal\u0131k t\u00fcketimine olan ilgi her ge\u00e7en g\u00fcn art\u0131yor. K\u0131\u015f aylar\u0131nda bal\u0131k \u00e7e\u015fitlili\u011finin \u00e7o\u011falmas\u0131, vatanda\u015flar\u0131n sofralar\u0131nda daha fazla bal\u0131\u011fa yer a\u00e7mas\u0131na katk\u0131 sa\u011fl\u0131yor. Bozdo\u011fan il\u00e7esinde bal\u0131k\u00e7\u0131l\u0131k yapan Mehmet Bekem de&#8230;<\/p>\n","protected":false},"author":1,"featured_media":74012,"comment_status":"open","ping_status":"open","sticky":false,"template":"","format":"standard","meta":{"_crdt_document":"","footnotes":""},"categories":[1],"tags":[],"class_list":["post-74011","post","type-post","status-publish","format-standard","has-post-thumbnail","hentry","category-guncel"],"_links":{"self":[{"href":"https:\/\/www.egemtv.com\/index.php?rest_route=\/wp\/v2\/posts\/74011","targetHints":{"allow":["GET"]}}],"collection":[{"href":"https:\/\/www.egemtv.com\/index.php?rest_route=\/wp\/v2\/posts"}],"about":[{"href":"https:\/\/www.egemtv.com\/index.php?rest_route=\/wp\/v2\/types\/post"}],"author":[{"embeddable":true,"href":"https:\/\/www.egemtv.com\/index.php?rest_route=\/wp\/v2\/users\/1"}],"replies":[{"embeddable":true,"href":"https:\/\/www.egemtv.com\/index.php?rest_route=%2Fwp%2Fv2%2Fcomments&post=74011"}],"version-history":[{"count":1,"href":"https:\/\/www.egemtv.com\/index.php?rest_route=\/wp\/v2\/posts\/74011\/revisions"}],"predecessor-version":[{"id":74013,"href":"https:\/\/www.egemtv.com\/index.php?rest_route=\/wp\/v2\/posts\/74011\/revisions\/74013"}],"wp:featuredmedia":[{"embeddable":true,"href":"https:\/\/www.egemtv.com\/index.php?rest_route=\/wp\/v2\/media\/74012"}],"wp:attachment":[{"href":"https:\/\/www.egemtv.com\/index.php?rest_route=%2Fwp%2Fv2%2Fmedia&parent=74011"}],"wp:term":[{"taxonomy":"category","embeddable":true,"href":"https:\/\/www.egemtv.com\/index.php?rest_route=%2Fwp%2Fv2%2Fcategories&post=74011"},{"taxonomy":"post_tag","embeddable":true,"href":"https:\/\/www.egemtv.com\/index.php?rest_route=%2Fwp%2Fv2%2Ftags&post=74011"}],"curies":[{"name":"wp","href":"https:\/\/api.w.org\/{rel}","templated":true}]}}