{"id":74008,"date":"2025-12-13T16:14:48","date_gmt":"2025-12-13T13:14:48","guid":{"rendered":"https:\/\/www.egemtv.com\/?p=74008"},"modified":"2025-12-13T16:14:49","modified_gmt":"2025-12-13T13:14:49","slug":"bozdogan-belediyesi-hisimlar-mahallesinde-calismalarini-surduruyor","status":"publish","type":"post","link":"https:\/\/www.egemtv.com\/?p=74008","title":{"rendered":"Bozdo\u011fan Belediyesi, H\u0131\u015f\u0131mlar Mahallesi\u2019nde \u00e7al\u0131\u015fmalar\u0131n\u0131 s\u00fcrd\u00fcr\u00fcyor"},"content":{"rendered":"<p>Bozdo\u011fan\u2019a ba\u011fl\u0131 H\u0131\u015f\u0131mlar Mahallesi\u2019nde sosyal tesislerde kapsaml\u0131 yenileme ve bak\u0131m \u00e7al\u0131\u015fmalar\u0131 s\u00fcr\u00fcyor.<\/p>\n<p>Bozdo\u011fan Belediyesi Fen \u0130\u015fleri M\u00fcd\u00fcrl\u00fc\u011f\u00fc\u2019ne ba\u011fl\u0131 ekipler taraf\u0131ndan y\u00fcr\u00fct\u00fclen \u00e7al\u0131\u015fmalarla tesisin cemiyet alan\u0131 ba\u015ftan sona elden ge\u00e7irilirken, pi\u015firme ve bula\u015f\u0131k alanlar\u0131 da modern \u015fekilde yeniden d\u00fczenlendi.<\/p>\n<p>Ger\u00e7ekle\u015ftirilen geni\u015fletme \u00e7al\u0131\u015fmalar\u0131 kapsam\u0131nda ta\u015f duvar imalat\u0131 tamamlanarak tesis daha sa\u011flam ve kullan\u0131\u015fl\u0131 bir yap\u0131ya kavu\u015fturuldu.<\/p>\n<p>Mahalle sakinlerinin d\u00fc\u011f\u00fcn, ni\u015fan ve \u00e7e\u015fitli sosyal etkinliklerde yo\u011fun olarak kulland\u0131\u011f\u0131 alan, yap\u0131lan d\u00fczenlemelerle birlikte daha konforlu hale getirildi.<\/p>\n<p>Fen \u0130\u015fleri M\u00fcd\u00fcrl\u00fc\u011f\u00fc ekiplerinin il\u00e7e genelinde \u00e7al\u0131\u015fmalar\u0131n\u0131 aral\u0131ks\u0131z s\u00fcrd\u00fcrd\u00fc\u011f\u00fc belirtilirken, H\u0131s\u0131mlar Mahallesi\u2019ndeki hizmetler mahalle halk\u0131ndan da takdir toplad\u0131.<\/p>\n<p>H\u0131\u015f\u0131mlar Mahalle Muhtar\u0131 Bilgi Demir, \u00e7al\u0131\u015fmalara ili\u015fkin yapt\u0131\u011f\u0131 payla\u015f\u0131mda Bozdo\u011fan Belediye Ba\u015fkan\u0131 Mustafa Galip \u00d6zel ve ekibine te\u015fekk\u00fcr ederek &#8220;Mahallemizin d\u00fc\u011f\u00fcn salonu duvar\u0131 tamamlanm\u0131\u015ft\u0131r. Belediye Ba\u015fkan\u0131m\u0131z Mustafa Galip \u00d6zel\u2019e ve eme\u011fi ge\u00e7en t\u00fcm ekibine te\u015fekk\u00fcr ediyorum. Ba\u015fkan\u0131m\u0131z\u0131n verdi\u011fi destekten dolay\u0131 mahallem ad\u0131na \u015f\u00fckranlar\u0131m\u0131 sunuyorum. Elinize, eme\u011finize sa\u011fl\u0131k&#8221; ifadelerini kulland\u0131.<br \/><\/p>\n","protected":false},"excerpt":{"rendered":"<p>Bozdo\u011fan\u2019a ba\u011fl\u0131 H\u0131\u015f\u0131mlar Mahallesi\u2019nde sosyal tesislerde kapsaml\u0131 yenileme ve bak\u0131m \u00e7al\u0131\u015fmalar\u0131 s\u00fcr\u00fcyor. Bozdo\u011fan Belediyesi Fen \u0130\u015fleri M\u00fcd\u00fcrl\u00fc\u011f\u00fc\u2019ne ba\u011fl\u0131 ekipler taraf\u0131ndan y\u00fcr\u00fct\u00fclen \u00e7al\u0131\u015fmalarla tesisin cemiyet alan\u0131 ba\u015ftan sona elden ge\u00e7irilirken, pi\u015firme ve bula\u015f\u0131k alanlar\u0131 da modern \u015fekilde yeniden d\u00fczenlendi. Ger\u00e7ekle\u015ftirilen geni\u015fletme \u00e7al\u0131\u015fmalar\u0131 kapsam\u0131nda ta\u015f duvar imalat\u0131 tamamlanarak tesis daha sa\u011flam ve kullan\u0131\u015fl\u0131 bir yap\u0131ya kavu\u015fturuldu. Mahalle&#8230;<\/p>\n","protected":false},"author":1,"featured_media":74009,"comment_status":"open","ping_status":"open","sticky":false,"template":"","format":"standard","meta":{"_crdt_document":"","footnotes":""},"categories":[1],"tags":[],"class_list":["post-74008","post","type-post","status-publish","format-standard","has-post-thumbnail","hentry","category-guncel"],"_links":{"self":[{"href":"https:\/\/www.egemtv.com\/index.php?rest_route=\/wp\/v2\/posts\/74008","targetHints":{"allow":["GET"]}}],"collection":[{"href":"https:\/\/www.egemtv.com\/index.php?rest_route=\/wp\/v2\/posts"}],"about":[{"href":"https:\/\/www.egemtv.com\/index.php?rest_route=\/wp\/v2\/types\/post"}],"author":[{"embeddable":true,"href":"https:\/\/www.egemtv.com\/index.php?rest_route=\/wp\/v2\/users\/1"}],"replies":[{"embeddable":true,"href":"https:\/\/www.egemtv.com\/index.php?rest_route=%2Fwp%2Fv2%2Fcomments&post=74008"}],"version-history":[{"count":1,"href":"https:\/\/www.egemtv.com\/index.php?rest_route=\/wp\/v2\/posts\/74008\/revisions"}],"predecessor-version":[{"id":74010,"href":"https:\/\/www.egemtv.com\/index.php?rest_route=\/wp\/v2\/posts\/74008\/revisions\/74010"}],"wp:featuredmedia":[{"embeddable":true,"href":"https:\/\/www.egemtv.com\/index.php?rest_route=\/wp\/v2\/media\/74009"}],"wp:attachment":[{"href":"https:\/\/www.egemtv.com\/index.php?rest_route=%2Fwp%2Fv2%2Fmedia&parent=74008"}],"wp:term":[{"taxonomy":"category","embeddable":true,"href":"https:\/\/www.egemtv.com\/index.php?rest_route=%2Fwp%2Fv2%2Fcategories&post=74008"},{"taxonomy":"post_tag","embeddable":true,"href":"https:\/\/www.egemtv.com\/index.php?rest_route=%2Fwp%2Fv2%2Ftags&post=74008"}],"curies":[{"name":"wp","href":"https:\/\/api.w.org\/{rel}","templated":true}]}}