{"id":74002,"date":"2025-12-13T16:14:46","date_gmt":"2025-12-13T13:14:46","guid":{"rendered":"https:\/\/www.egemtv.com\/?p=74002"},"modified":"2025-12-13T16:14:47","modified_gmt":"2025-12-13T13:14:47","slug":"koycegiz-merkez-hacibey-camiinde-sabah-namazi-bulusmasi-gerceklestirildi","status":"publish","type":"post","link":"https:\/\/www.egemtv.com\/?p=74002","title":{"rendered":"K\u00f6yce\u011fiz Merkez Hac\u0131bey Camii\u2019nde Sabah Namaz\u0131 bulu\u015fmas\u0131 ger\u00e7ekle\u015ftirildi"},"content":{"rendered":"<p>Mu\u011fla\u2019n\u0131n K\u00f6yce\u011fiz il\u00e7esi Merkez Hac\u0131bey Camii\u2019nde d\u00fczenlenen sabah namaz\u0131 bulu\u015fmas\u0131, \u0130l M\u00fcft\u00fcs\u00fc Dr. R\u00fcstem Can\u2019\u0131n kat\u0131l\u0131m\u0131yla ger\u00e7ekle\u015ftirildi.<\/p>\n<p>K\u00f6yce\u011fiz M\u00fcft\u00fcl\u00fc\u011f\u00fc taraf\u0131ndan tertip edilen sabah namaz\u0131 bulu\u015fmalar\u0131 kapsam\u0131nda bu haftaki bulu\u015fma Merkez Hac\u0131bey Camiinde Mu\u011fla \u0130l M\u00fcft\u00fcs\u00fc Dr.R\u00fcstem Can\u2019\u0131n te\u015frifleriyle yap\u0131ld\u0131. Sabah Namaz\u0131 \u00f6ncesi Kuran\u0131 Kerim tilaveti okundu. Sabah namaz\u0131n\u0131 k\u0131ld\u0131ran \u0130l M\u00fcft\u00fcs\u00fc Dr. R\u00fcstem Can, namaz sonras\u0131 yapt\u0131\u011f\u0131 sohbette \u0130slam\u2019\u0131n \u015fiarlar\u0131ndan biri olan namaz\u0131n, M\u00fcsl\u00fcmanlar\u0131n hayat\u0131ndaki vazge\u00e7ilmez yerine dikkat \u00e7ekti. Namaz\u0131n m\u00fcminin hayat\u0131nda olmazsa olmaz bir ibadet oldu\u011funu vurgulayan Dr. Can, cemaatle namaz\u0131n \u00f6nemine de de\u011findi. Namaz\u0131n ard\u0131ndan tesbihatlarla program devam etti. \u0130l\u00e7e M\u00fcft\u00fcs\u00fc Ahmet Karag\u00f6z\u2019\u00fcn yapm\u0131\u015f oldu\u011fu duan\u0131n ard\u0131ndan camiyi dolduran K\u00f6yce\u011fizlilere ve misafirlere ev sahibi \u0130mam-Hatip Emre Y\u0131lmaz, M\u00fcezzin Kayy\u0131m Mehmet Sancar ve hay\u0131rseverler taraf\u0131ndan cemaate \u00e7orba ikram\u0131nda bulunulmas\u0131yla program sona erdi.<br \/><\/p>\n","protected":false},"excerpt":{"rendered":"<p>Mu\u011fla\u2019n\u0131n K\u00f6yce\u011fiz il\u00e7esi Merkez Hac\u0131bey Camii\u2019nde d\u00fczenlenen sabah namaz\u0131 bulu\u015fmas\u0131, \u0130l M\u00fcft\u00fcs\u00fc Dr. R\u00fcstem Can\u2019\u0131n kat\u0131l\u0131m\u0131yla ger\u00e7ekle\u015ftirildi. K\u00f6yce\u011fiz M\u00fcft\u00fcl\u00fc\u011f\u00fc taraf\u0131ndan tertip edilen sabah namaz\u0131 bulu\u015fmalar\u0131 kapsam\u0131nda bu haftaki bulu\u015fma Merkez Hac\u0131bey Camiinde Mu\u011fla \u0130l M\u00fcft\u00fcs\u00fc Dr.R\u00fcstem Can\u2019\u0131n te\u015frifleriyle yap\u0131ld\u0131. Sabah Namaz\u0131 \u00f6ncesi Kuran\u0131 Kerim tilaveti okundu. Sabah namaz\u0131n\u0131 k\u0131ld\u0131ran \u0130l M\u00fcft\u00fcs\u00fc Dr. R\u00fcstem Can, namaz&#8230;<\/p>\n","protected":false},"author":1,"featured_media":74003,"comment_status":"open","ping_status":"open","sticky":false,"template":"","format":"standard","meta":{"_crdt_document":"","footnotes":""},"categories":[1],"tags":[],"class_list":["post-74002","post","type-post","status-publish","format-standard","has-post-thumbnail","hentry","category-guncel"],"_links":{"self":[{"href":"https:\/\/www.egemtv.com\/index.php?rest_route=\/wp\/v2\/posts\/74002","targetHints":{"allow":["GET"]}}],"collection":[{"href":"https:\/\/www.egemtv.com\/index.php?rest_route=\/wp\/v2\/posts"}],"about":[{"href":"https:\/\/www.egemtv.com\/index.php?rest_route=\/wp\/v2\/types\/post"}],"author":[{"embeddable":true,"href":"https:\/\/www.egemtv.com\/index.php?rest_route=\/wp\/v2\/users\/1"}],"replies":[{"embeddable":true,"href":"https:\/\/www.egemtv.com\/index.php?rest_route=%2Fwp%2Fv2%2Fcomments&post=74002"}],"version-history":[{"count":1,"href":"https:\/\/www.egemtv.com\/index.php?rest_route=\/wp\/v2\/posts\/74002\/revisions"}],"predecessor-version":[{"id":74004,"href":"https:\/\/www.egemtv.com\/index.php?rest_route=\/wp\/v2\/posts\/74002\/revisions\/74004"}],"wp:featuredmedia":[{"embeddable":true,"href":"https:\/\/www.egemtv.com\/index.php?rest_route=\/wp\/v2\/media\/74003"}],"wp:attachment":[{"href":"https:\/\/www.egemtv.com\/index.php?rest_route=%2Fwp%2Fv2%2Fmedia&parent=74002"}],"wp:term":[{"taxonomy":"category","embeddable":true,"href":"https:\/\/www.egemtv.com\/index.php?rest_route=%2Fwp%2Fv2%2Fcategories&post=74002"},{"taxonomy":"post_tag","embeddable":true,"href":"https:\/\/www.egemtv.com\/index.php?rest_route=%2Fwp%2Fv2%2Ftags&post=74002"}],"curies":[{"name":"wp","href":"https:\/\/api.w.org\/{rel}","templated":true}]}}