{"id":73972,"date":"2025-12-13T13:54:43","date_gmt":"2025-12-13T10:54:43","guid":{"rendered":"https:\/\/www.egemtv.com\/?p=73972"},"modified":"2025-12-13T13:54:43","modified_gmt":"2025-12-13T10:54:43","slug":"aliaga-fk-uzuldu-menemen-fk-guldu","status":"publish","type":"post","link":"https:\/\/www.egemtv.com\/?p=73972","title":{"rendered":"Alia\u011fa FK \u00fcz\u00fcld\u00fc, Menemen FK g\u00fcld\u00fc"},"content":{"rendered":"<p>TFF 2. Lig K\u0131rm\u0131z\u0131 Grup 15. haftas\u0131ndaki \u0130zmir derbisinde Menemen FK sahas\u0131nda oynad\u0131\u011f\u0131 Alia\u011fa FK\u2019y\u0131 2-1 ma\u011flup etti.<br \/>\n<br \/>TFF 2. Lig K\u0131rm\u0131z\u0131 Grup 15. haftas\u0131nda Menemen FK ile Alia\u011fa FK, \u0130zmir derbisinde kar\u015f\u0131 kar\u015f\u0131ya geldi. Menemen\u2019in ev sahipli\u011finde oynanan kar\u015f\u0131la\u015fma b\u00fcy\u00fck bir \u00e7eki\u015fmeye sahne oldu. M\u00fcsabakan\u0131n son b\u00f6l\u00fcmlerine skor \u00fcst\u00fcnl\u00fc\u011f\u00fcyle giren taraf Alia\u011fa FK olurken, uzatma dakikalar\u0131nda Menemen FK sonucu de\u011fi\u015ftirdi. Bilal K\u0131sa y\u00f6netimindeki sar\u0131-lacivertliler, 90+6 ve 90+7. dakikalarda bulduklar\u0131 gollerle kar\u015f\u0131la\u015fmay\u0131 2-1 kazanarak 3 puan\u0131n sahibi oldu. Bu sonu\u00e7la Menemen FK sevinirken, Alia\u011fa FK sahadan b\u00fcy\u00fck bir \u00fcz\u00fcnt\u00fcyle ayr\u0131ld\u0131.<\/p>\n<p>Menemen \u00e7\u0131k\u0131\u015fa devam ederken Alia\u011fa yara ald\u0131<br \/>\n<br \/>Menemen FK, \u0130zmir derbisinde Alia\u011fa FK\u2019y\u0131 ma\u011flup ederek \u00fcst \u00fcste ikinci galibiyetini ald\u0131 ve play-off iddias\u0131n\u0131 s\u00fcrd\u00fcrd\u00fc. Alia\u011fa FK ise zirve yar\u0131\u015f\u0131nda \u00f6nemli bir puan kayb\u0131 ya\u015fayarak b\u00fcy\u00fck bir yara ald\u0131 ve bu sonu\u00e7la lider Bursaspor ile aras\u0131ndaki puan fark\u0131 5\u2019e \u00e7\u0131kt\u0131. Menemen FK, ald\u0131\u011f\u0131 galibiyetle puan\u0131n\u0131 25\u2019e y\u00fckseltmeyi ba\u015fard\u0131.<br \/><\/p>\n","protected":false},"excerpt":{"rendered":"<p>TFF 2. Lig K\u0131rm\u0131z\u0131 Grup 15. haftas\u0131ndaki \u0130zmir derbisinde Menemen FK sahas\u0131nda oynad\u0131\u011f\u0131 Alia\u011fa FK\u2019y\u0131 2-1 ma\u011flup etti. TFF 2. Lig K\u0131rm\u0131z\u0131 Grup 15. haftas\u0131nda Menemen FK ile Alia\u011fa FK, \u0130zmir derbisinde kar\u015f\u0131 kar\u015f\u0131ya geldi. Menemen\u2019in ev sahipli\u011finde oynanan kar\u015f\u0131la\u015fma b\u00fcy\u00fck bir \u00e7eki\u015fmeye sahne oldu. M\u00fcsabakan\u0131n son b\u00f6l\u00fcmlerine skor \u00fcst\u00fcnl\u00fc\u011f\u00fcyle giren taraf Alia\u011fa FK olurken,&#8230;<\/p>\n","protected":false},"author":1,"featured_media":73973,"comment_status":"open","ping_status":"open","sticky":false,"template":"","format":"standard","meta":{"_crdt_document":"","footnotes":""},"categories":[4],"tags":[],"class_list":["post-73972","post","type-post","status-publish","format-standard","has-post-thumbnail","hentry","category-spor"],"_links":{"self":[{"href":"https:\/\/www.egemtv.com\/index.php?rest_route=\/wp\/v2\/posts\/73972","targetHints":{"allow":["GET"]}}],"collection":[{"href":"https:\/\/www.egemtv.com\/index.php?rest_route=\/wp\/v2\/posts"}],"about":[{"href":"https:\/\/www.egemtv.com\/index.php?rest_route=\/wp\/v2\/types\/post"}],"author":[{"embeddable":true,"href":"https:\/\/www.egemtv.com\/index.php?rest_route=\/wp\/v2\/users\/1"}],"replies":[{"embeddable":true,"href":"https:\/\/www.egemtv.com\/index.php?rest_route=%2Fwp%2Fv2%2Fcomments&post=73972"}],"version-history":[{"count":1,"href":"https:\/\/www.egemtv.com\/index.php?rest_route=\/wp\/v2\/posts\/73972\/revisions"}],"predecessor-version":[{"id":73974,"href":"https:\/\/www.egemtv.com\/index.php?rest_route=\/wp\/v2\/posts\/73972\/revisions\/73974"}],"wp:featuredmedia":[{"embeddable":true,"href":"https:\/\/www.egemtv.com\/index.php?rest_route=\/wp\/v2\/media\/73973"}],"wp:attachment":[{"href":"https:\/\/www.egemtv.com\/index.php?rest_route=%2Fwp%2Fv2%2Fmedia&parent=73972"}],"wp:term":[{"taxonomy":"category","embeddable":true,"href":"https:\/\/www.egemtv.com\/index.php?rest_route=%2Fwp%2Fv2%2Fcategories&post=73972"},{"taxonomy":"post_tag","embeddable":true,"href":"https:\/\/www.egemtv.com\/index.php?rest_route=%2Fwp%2Fv2%2Ftags&post=73972"}],"curies":[{"name":"wp","href":"https:\/\/api.w.org\/{rel}","templated":true}]}}