{"id":7390,"date":"2025-01-13T09:53:36","date_gmt":"2025-01-13T06:53:36","guid":{"rendered":"https:\/\/www.egemtv.com\/?p=7390"},"modified":"2025-01-13T09:53:44","modified_gmt":"2025-01-13T06:53:44","slug":"saricay-barajinda-calismalar-hiz-kesmiyor","status":"publish","type":"post","link":"https:\/\/www.egemtv.com\/?p=7390","title":{"rendered":"Sar\u0131\u00e7ay Baraj\u0131\u2019nda \u00e7al\u0131\u015fmalar h\u0131z kesmiyor"},"content":{"rendered":"<p>Ayd\u0131n\u2019\u0131n en b\u00fcy\u00fck yat\u0131r\u0131mlar\u0131ndan olan Sar\u0131\u00e7ay Baraj\u0131\u2019n\u0131n g\u00f6vde dolgusunun 972 bin metrek\u00fcpl\u00fck k\u0131sm\u0131 tamamlan\u0131rken, 21 milyon metrek\u00fcp i\u00e7me suyu sa\u011flayacak olan barajda \u00e7al\u0131\u015fmalar h\u0131z kesmiyor.<\/p>\n<p>Ayd\u0131n\u2019\u0131n S\u00f6ke il\u00e7esinde yap\u0131m\u0131na devam edilen ve \u00f6nemli yat\u0131r\u0131m projelerinden olan Sar\u0131\u00e7ay Baraj\u0131\u2019nda \u00e7al\u0131\u015fmalar aral\u0131ks\u0131z devam ediyor. S\u00f6ke\u2019nin Ba\u011faras\u0131 ve \u00c7al\u0131\u015fl\u0131 Mahalleleri\u2019nin 1,5 kilometre g\u00fcneyinde bulunan Sar\u0131\u00e7ay Deresi \u00fczerine in\u015fa edilen Sar\u0131\u00e7ay Baraj\u0131\u2019n\u0131n tamamlanmas\u0131n\u0131n ard\u0131ndan barajdan, y\u0131ll\u0131k 21 milyon metrek\u00fcp i\u00e7me ve kullanma suyu temin edilmesi bekleniyor. Ayd\u0131n\u2019\u0131n bereketli topraklar\u0131na \u00f6nemli can suyu olmas\u0131 beklenen Sar\u0131\u00e7ay Baraj\u0131\u2019nda depolanacak olan su ile Ku\u015fadas\u0131 ve S\u00f6ke il\u00e7eleri ba\u015fta olmak \u00fczere vatanda\u015flara i\u00e7me suyu sa\u011flayacak.<\/p>\n<p>Beton dolgu tipinde olan ve temelden 125 metre y\u00fcksekli\u011fe sahip Sar\u0131\u00e7ay Baraj\u0131, \u00e7al\u0131\u015fmalar\u0131n tamamlanmas\u0131n\u0131n ard\u0131ndan 66 milyon metrek\u00fcp su depolama hacmine sahip olacak. 1 milyon 618 bin metrek\u00fcp yap\u0131lmas\u0131 planlanan g\u00f6vde dolgusunun ise 972 bin metrek\u00fcp\u00fc tamamlan\u0131rken, \u00e7al\u0131\u015fmalar devam ediyor. B\u00f6lgenin ihtiya\u00e7lar\u0131n\u0131 uzun s\u00fcre kar\u015f\u0131lamak \u00fczere in\u015fa edilen yap\u0131n\u0131n tamamlanmas\u0131yla birlikte S\u00f6ke ve Ku\u015fadas\u0131 il\u00e7eleri ba\u015fta olmak \u00fczere ortalama 303 bin 160 vatanda\u015f\u0131n i\u00e7me suyu ihtiyac\u0131 kar\u015f\u0131lanacak.<br \/>\n<br \/><img fetchpriority=\"high\" decoding=\"async\" width=\"1280\" height=\"958\" src=\"https:\/\/www.egemtv.com\/wp-content\/uploads\/2025\/01\/saricay-barajinda-calismalar-hiz-kesmiyor_4a47c6af7e0e.jpg\" class=\"attachment-full size-full not-transparent\" alt=\"\" data-has-transparency=\"false\" data-dominant-color=\"919490\" style=\"--dominant-color: #919490\" \/><img decoding=\"async\" width=\"1280\" height=\"958\" src=\"https:\/\/www.egemtv.com\/wp-content\/uploads\/2025\/01\/saricay-barajinda-calismalar-hiz-kesmiyor_f5d58e1b50cf.jpg\" class=\"attachment-full size-full not-transparent\" alt=\"\" data-has-transparency=\"false\" data-dominant-color=\"868684\" style=\"--dominant-color: #868684\" \/><img decoding=\"async\" width=\"1280\" height=\"958\" src=\"https:\/\/www.egemtv.com\/wp-content\/uploads\/2025\/01\/saricay-barajinda-calismalar-hiz-kesmiyor_ecd32b8f4d88.jpg\" class=\"attachment-full size-full not-transparent\" alt=\"\" data-has-transparency=\"false\" data-dominant-color=\"757572\" style=\"--dominant-color: #757572\" \/><img loading=\"lazy\" decoding=\"async\" width=\"1280\" height=\"958\" src=\"https:\/\/www.egemtv.com\/wp-content\/uploads\/2025\/01\/saricay-barajinda-calismalar-hiz-kesmiyor_2e3cc7a8b437.jpg\" class=\"attachment-full size-full not-transparent\" alt=\"\" data-has-transparency=\"false\" data-dominant-color=\"888981\" style=\"--dominant-color: #888981\" \/><\/p>\n","protected":false},"excerpt":{"rendered":"<p>Ayd\u0131n\u2019\u0131n en b\u00fcy\u00fck yat\u0131r\u0131mlar\u0131ndan olan Sar\u0131\u00e7ay Baraj\u0131\u2019n\u0131n g\u00f6vde dolgusunun 972 bin metrek\u00fcpl\u00fck k\u0131sm\u0131 tamamlan\u0131rken, 21 milyon metrek\u00fcp i\u00e7me suyu sa\u011flayacak olan barajda \u00e7al\u0131\u015fmalar h\u0131z kesmiyor. Ayd\u0131n\u2019\u0131n S\u00f6ke il\u00e7esinde yap\u0131m\u0131na devam edilen ve \u00f6nemli yat\u0131r\u0131m projelerinden olan Sar\u0131\u00e7ay Baraj\u0131\u2019nda \u00e7al\u0131\u015fmalar aral\u0131ks\u0131z devam ediyor. S\u00f6ke\u2019nin Ba\u011faras\u0131 ve \u00c7al\u0131\u015fl\u0131 Mahalleleri\u2019nin 1,5 kilometre g\u00fcneyinde bulunan Sar\u0131\u00e7ay Deresi \u00fczerine in\u015fa&#8230;<\/p>\n","protected":false},"author":1,"featured_media":7391,"comment_status":"open","ping_status":"open","sticky":false,"template":"","format":"standard","meta":{"_crdt_document":"","footnotes":""},"categories":[1],"tags":[],"class_list":["post-7390","post","type-post","status-publish","format-standard","has-post-thumbnail","hentry","category-guncel"],"_links":{"self":[{"href":"https:\/\/www.egemtv.com\/index.php?rest_route=\/wp\/v2\/posts\/7390","targetHints":{"allow":["GET"]}}],"collection":[{"href":"https:\/\/www.egemtv.com\/index.php?rest_route=\/wp\/v2\/posts"}],"about":[{"href":"https:\/\/www.egemtv.com\/index.php?rest_route=\/wp\/v2\/types\/post"}],"author":[{"embeddable":true,"href":"https:\/\/www.egemtv.com\/index.php?rest_route=\/wp\/v2\/users\/1"}],"replies":[{"embeddable":true,"href":"https:\/\/www.egemtv.com\/index.php?rest_route=%2Fwp%2Fv2%2Fcomments&post=7390"}],"version-history":[{"count":1,"href":"https:\/\/www.egemtv.com\/index.php?rest_route=\/wp\/v2\/posts\/7390\/revisions"}],"predecessor-version":[{"id":7396,"href":"https:\/\/www.egemtv.com\/index.php?rest_route=\/wp\/v2\/posts\/7390\/revisions\/7396"}],"wp:featuredmedia":[{"embeddable":true,"href":"https:\/\/www.egemtv.com\/index.php?rest_route=\/wp\/v2\/media\/7391"}],"wp:attachment":[{"href":"https:\/\/www.egemtv.com\/index.php?rest_route=%2Fwp%2Fv2%2Fmedia&parent=7390"}],"wp:term":[{"taxonomy":"category","embeddable":true,"href":"https:\/\/www.egemtv.com\/index.php?rest_route=%2Fwp%2Fv2%2Fcategories&post=7390"},{"taxonomy":"post_tag","embeddable":true,"href":"https:\/\/www.egemtv.com\/index.php?rest_route=%2Fwp%2Fv2%2Ftags&post=7390"}],"curies":[{"name":"wp","href":"https:\/\/api.w.org\/{rel}","templated":true}]}}